{"id":461,"date":"2026-01-16T16:24:58","date_gmt":"2026-01-16T15:24:58","guid":{"rendered":"https:\/\/news.uni-goettingen.de\/smng\/?p=461"},"modified":"2026-01-16T16:24:58","modified_gmt":"2026-01-16T15:24:58","slug":"praktikumspraesentationen-im-wise-2026","status":"publish","type":"post","link":"https:\/\/news.uni-goettingen.de\/smng\/2026\/01\/16\/praktikumspraesentationen-im-wise-2026\/","title":{"rendered":"Praktikumspr\u00e4sentationen im WiSe 2026"},"content":{"rendered":"\n<div class=\"wp-block-media-text is-stacked-on-mobile\" style=\"grid-template-columns:30% auto\"><figure class=\"wp-block-media-text__media\"><img loading=\"lazy\" decoding=\"async\" width=\"724\" height=\"1024\" src=\"https:\/\/news.uni-goettingen.de\/smng\/wp-content\/uploads\/sites\/27\/2026\/01\/0-724x1024.jpg\" alt=\"\" class=\"wp-image-464 size-full\" srcset=\"https:\/\/news.uni-goettingen.de\/smng\/wp-content\/uploads\/sites\/27\/2026\/01\/0-724x1024.jpg 724w, https:\/\/news.uni-goettingen.de\/smng\/wp-content\/uploads\/sites\/27\/2026\/01\/0-212x300.jpg 212w, https:\/\/news.uni-goettingen.de\/smng\/wp-content\/uploads\/sites\/27\/2026\/01\/0-768x1086.jpg 768w, https:\/\/news.uni-goettingen.de\/smng\/wp-content\/uploads\/sites\/27\/2026\/01\/0-1086x1536.jpg 1086w, https:\/\/news.uni-goettingen.de\/smng\/wp-content\/uploads\/sites\/27\/2026\/01\/0-220x311.jpg 220w, https:\/\/news.uni-goettingen.de\/smng\/wp-content\/uploads\/sites\/27\/2026\/01\/0.jpg 1190w\" sizes=\"(max-width: 724px) 100vw, 724px\" \/><\/figure><div class=\"wp-block-media-text__content\">\n<p>Orientierungslosigkeit bei der beruflichen Zukunft ist im Verlauf des Geschichtsstudium keine Seltenheit. Am <strong>22. Januar von 16-18 Uhr<\/strong> finden deshalb unter der Leitung von Dr. Philip Kn\u00e4ble und Nele Falldorf in <strong>VG 1.105<\/strong> die <strong>Praktikumspr\u00e4sentationen <\/strong>statt, in welchen Studierende aus der Geschichte und der WSG ihre Praxiserfahrungen pr\u00e4sentieren und Einblicke in die vielf\u00e4ltigen Perspektiven der Arbeitswelt n\u00e4herbringen. <\/p>\n<\/div><\/div>\n\n\n\n<hr class=\"wp-block-separator has-alpha-channel-opacity\" \/>\n\n\n\n<div class=\"wp-block-media-text is-stacked-on-mobile\" style=\"grid-template-columns:30% auto\"><figure class=\"wp-block-media-text__media\"><img loading=\"lazy\" decoding=\"async\" width=\"724\" height=\"1024\" src=\"https:\/\/news.uni-goettingen.de\/smng\/wp-content\/uploads\/sites\/27\/2026\/01\/0-724x1024.jpg\" alt=\"\" class=\"wp-image-464 size-full\" srcset=\"https:\/\/news.uni-goettingen.de\/smng\/wp-content\/uploads\/sites\/27\/2026\/01\/0-724x1024.jpg 724w, https:\/\/news.uni-goettingen.de\/smng\/wp-content\/uploads\/sites\/27\/2026\/01\/0-212x300.jpg 212w, https:\/\/news.uni-goettingen.de\/smng\/wp-content\/uploads\/sites\/27\/2026\/01\/0-768x1086.jpg 768w, https:\/\/news.uni-goettingen.de\/smng\/wp-content\/uploads\/sites\/27\/2026\/01\/0-1086x1536.jpg 1086w, https:\/\/news.uni-goettingen.de\/smng\/wp-content\/uploads\/sites\/27\/2026\/01\/0-220x311.jpg 220w, https:\/\/news.uni-goettingen.de\/smng\/wp-content\/uploads\/sites\/27\/2026\/01\/0.jpg 1190w\" sizes=\"(max-width: 724px) 100vw, 724px\" \/><\/figure><div class=\"wp-block-media-text__content\">\n<p>It is not uncommon for history students to feel uncertain about their future career prospects. On <strong>January 22 from 4 to 6 p.m.<\/strong>, Dr. Philip Kn\u00e4ble and Nele Falldorf will therefore be hosting <strong>internship presentations<\/strong> in <strong>VG 1.105<\/strong>, where students from the history and WSG departments will share their practical experiences and provide insights into the diverse perspectives of the working world.<\/p>\n<\/div><\/div>\n","protected":false},"excerpt":{"rendered":"<p>Orientierungslosigkeit bei der beruflichen Zukunft ist im Verlauf des Geschichtsstudium keine Seltenheit. Am <strong>22. Januar von 16-18 Uhr<\/strong> finden deshalb unter der Leitung von Dr. Philip Kn\u00e4ble und Nele Falldorf in <strong>VG 1.105<\/strong> die <strong>Praktikumspr\u00e4sentationen <\/strong>statt, in welchen Studierende aus der Geschichte und der WSG ihre Praxiserfahrungen pr\u00e4sentieren und Einblicke in die vielf\u00e4ltigen Perspektiven der Arbeitswelt n\u00e4herbringen. &hellip; <a href=\"https:\/\/news.uni-goettingen.de\/smng\/2026\/01\/16\/praktikumspraesentationen-im-wise-2026\/\">Weiterlesen<\/a><\/p>\n","protected":false},"author":40,"featured_media":464,"comment_status":"open","ping_status":"open","sticky":false,"template":"","format":"standard","meta":{"footnotes":""},"categories":[53],"tags":[],"_links":{"self":[{"href":"https:\/\/news.uni-goettingen.de\/smng\/wp-json\/wp\/v2\/posts\/461"}],"collection":[{"href":"https:\/\/news.uni-goettingen.de\/smng\/wp-json\/wp\/v2\/posts"}],"about":[{"href":"https:\/\/news.uni-goettingen.de\/smng\/wp-json\/wp\/v2\/types\/post"}],"author":[{"embeddable":true,"href":"https:\/\/news.uni-goettingen.de\/smng\/wp-json\/wp\/v2\/users\/40"}],"replies":[{"embeddable":true,"href":"https:\/\/news.uni-goettingen.de\/smng\/wp-json\/wp\/v2\/comments?post=461"}],"version-history":[{"count":4,"href":"https:\/\/news.uni-goettingen.de\/smng\/wp-json\/wp\/v2\/posts\/461\/revisions"}],"predecessor-version":[{"id":516,"href":"https:\/\/news.uni-goettingen.de\/smng\/wp-json\/wp\/v2\/posts\/461\/revisions\/516"}],"wp:featuredmedia":[{"embeddable":true,"href":"https:\/\/news.uni-goettingen.de\/smng\/wp-json\/wp\/v2\/media\/464"}],"wp:attachment":[{"href":"https:\/\/news.uni-goettingen.de\/smng\/wp-json\/wp\/v2\/media?parent=461"}],"wp:term":[{"taxonomy":"category","embeddable":true,"href":"https:\/\/news.uni-goettingen.de\/smng\/wp-json\/wp\/v2\/categories?post=461"},{"taxonomy":"post_tag","embeddable":true,"href":"https:\/\/news.uni-goettingen.de\/smng\/wp-json\/wp\/v2\/tags?post=461"}],"curies":[{"name":"wp","href":"https:\/\/api.w.org\/{rel}","templated":true}]}}