{"id":457,"date":"2026-01-16T16:24:52","date_gmt":"2026-01-16T15:24:52","guid":{"rendered":"https:\/\/news.uni-goettingen.de\/smng\/?p=457"},"modified":"2026-01-16T16:24:52","modified_gmt":"2026-01-16T15:24:52","slug":"geschichte-im-kwz-buchvorstellung-im-forschungskolloquium-fruehe-neuzeit","status":"publish","type":"post","link":"https:\/\/news.uni-goettingen.de\/smng\/2026\/01\/16\/geschichte-im-kwz-buchvorstellung-im-forschungskolloquium-fruehe-neuzeit\/","title":{"rendered":"Geschichte im KWZ: Buchvorstellung im Forschungskolloquium Fr\u00fche Neuzeit"},"content":{"rendered":"\n<div class=\"wp-block-media-text is-stacked-on-mobile\" style=\"grid-template-columns:30% auto\"><figure class=\"wp-block-media-text__media\"><img loading=\"lazy\" decoding=\"async\" width=\"768\" height=\"1024\" src=\"https:\/\/news.uni-goettingen.de\/smng\/wp-content\/uploads\/sites\/27\/2026\/01\/0-1-768x1024.jpg\" alt=\"\" class=\"wp-image-467 size-full\" srcset=\"https:\/\/news.uni-goettingen.de\/smng\/wp-content\/uploads\/sites\/27\/2026\/01\/0-1-768x1024.jpg 768w, https:\/\/news.uni-goettingen.de\/smng\/wp-content\/uploads\/sites\/27\/2026\/01\/0-1-225x300.jpg 225w, https:\/\/news.uni-goettingen.de\/smng\/wp-content\/uploads\/sites\/27\/2026\/01\/0-1-1152x1536.jpg 1152w, https:\/\/news.uni-goettingen.de\/smng\/wp-content\/uploads\/sites\/27\/2026\/01\/0-1-220x293.jpg 220w, https:\/\/news.uni-goettingen.de\/smng\/wp-content\/uploads\/sites\/27\/2026\/01\/0-1-1320x1760.jpg 1320w, https:\/\/news.uni-goettingen.de\/smng\/wp-content\/uploads\/sites\/27\/2026\/01\/0-1.jpg 1512w\" sizes=\"(max-width: 768px) 100vw, 768px\" \/><\/figure><div class=\"wp-block-media-text__content\">\n<p>Im Rahmen des Forschungskolloquiums Fr\u00fche Neuzeit l\u00e4dt das Seminar f\u00fcr Mittlere und Neuere Geschichte zur Buchvorstellung\u00a0<strong>\u201eGeschichte im KWZ\u201c<\/strong>\u00a0ein. Vorgestellt werden zwei aktuelle Publikationen zur Geschichte fr\u00fchneuzeitlicher Kriege und Gewalt: Sarah von Hagen,\u00a0<em>Maritime Gewalten. Die Schlacht in den atlantischen Seekriegen, 1665\u20131783<\/em>\u00a0(Campus Verlag), sowie Marian F\u00fcssel,\u00a0<em>The World in Flames. A Global History of the Seven Years\u2019 War<\/em>(Columbia University Press, \u00fcbers. von Br\u00edan Hanrahan). Die Veranstaltung findet am Dienstag, 27. Januar 2026, von 18\u201320 Uhr c.t. im KWZ 0.602 statt.\u00a0Bei einer kleinen Erfrischung besteht im Anschluss Gelegenheit zum Austausch.<\/p>\n<\/div><\/div>\n\n\n\n<hr class=\"wp-block-separator has-alpha-channel-opacity\" \/>\n\n\n\n<div class=\"wp-block-media-text is-stacked-on-mobile\" style=\"grid-template-columns:30% auto\"><figure class=\"wp-block-media-text__media\"><img loading=\"lazy\" decoding=\"async\" width=\"768\" height=\"1024\" src=\"https:\/\/news.uni-goettingen.de\/smng\/wp-content\/uploads\/sites\/27\/2026\/01\/0-1-768x1024.jpg\" alt=\"\" class=\"wp-image-467 size-full\" srcset=\"https:\/\/news.uni-goettingen.de\/smng\/wp-content\/uploads\/sites\/27\/2026\/01\/0-1-768x1024.jpg 768w, https:\/\/news.uni-goettingen.de\/smng\/wp-content\/uploads\/sites\/27\/2026\/01\/0-1-225x300.jpg 225w, https:\/\/news.uni-goettingen.de\/smng\/wp-content\/uploads\/sites\/27\/2026\/01\/0-1-1152x1536.jpg 1152w, https:\/\/news.uni-goettingen.de\/smng\/wp-content\/uploads\/sites\/27\/2026\/01\/0-1-220x293.jpg 220w, https:\/\/news.uni-goettingen.de\/smng\/wp-content\/uploads\/sites\/27\/2026\/01\/0-1-1320x1760.jpg 1320w, https:\/\/news.uni-goettingen.de\/smng\/wp-content\/uploads\/sites\/27\/2026\/01\/0-1.jpg 1512w\" sizes=\"(max-width: 768px) 100vw, 768px\" \/><\/figure><div class=\"wp-block-media-text__content\">\n<p>As part of the Early Modern History Research Colloquium, the Department of Medieval and Modern History invites you to a book presentation as part of\u00a0<em>History at the KWZ<\/em>. Two recent publications on early modern warfare and violence will be presented: Sarah von Hagen,\u00a0<em>Maritime Violence. Battle in Atlantic Naval Warfare, 1665\u20131783<\/em>\u00a0(Campus Verlag), and Marian F\u00fcssel,\u00a0<em>The World in Flames. A Global History of the Seven Years\u2019 War<\/em>\u00a0(Columbia University Press, translated by Br\u00edan Hanrahan). The event will take place on Tuesday, 27 January 2026, from 6:00 to 8:00 p.m. (c.t.) in KWZ 0.602.\u00a0Following the presentation, there will be an opportunity for discussion over light refreshments.<\/p>\n<\/div><\/div>\n","protected":false},"excerpt":{"rendered":"<p>Im Rahmen des Forschungskolloquiums Fr\u00fche Neuzeit l\u00e4dt das Seminar f\u00fcr Mittlere und Neuere Geschichte zur Buchvorstellung\u00a0<strong>\u201eGeschichte im KWZ\u201c<\/strong>\u00a0ein. Vorgestellt werden zwei aktuelle Publikationen zur Geschichte fr\u00fchneuzeitlicher Kriege und Gewalt: Sarah von Hagen,\u00a0<em>Maritime Gewalten. Die Schlacht in den atlantischen Seekriegen, 1665\u20131783<\/em>\u00a0(Campus Verlag), sowie Marian F\u00fcssel,\u00a0<em>The World in Flames.<\/em> &hellip; <a href=\"https:\/\/news.uni-goettingen.de\/smng\/2026\/01\/16\/geschichte-im-kwz-buchvorstellung-im-forschungskolloquium-fruehe-neuzeit\/\">Weiterlesen<\/a><\/p>\n","protected":false},"author":40,"featured_media":467,"comment_status":"open","ping_status":"open","sticky":false,"template":"","format":"standard","meta":{"footnotes":""},"categories":[50],"tags":[],"_links":{"self":[{"href":"https:\/\/news.uni-goettingen.de\/smng\/wp-json\/wp\/v2\/posts\/457"}],"collection":[{"href":"https:\/\/news.uni-goettingen.de\/smng\/wp-json\/wp\/v2\/posts"}],"about":[{"href":"https:\/\/news.uni-goettingen.de\/smng\/wp-json\/wp\/v2\/types\/post"}],"author":[{"embeddable":true,"href":"https:\/\/news.uni-goettingen.de\/smng\/wp-json\/wp\/v2\/users\/40"}],"replies":[{"embeddable":true,"href":"https:\/\/news.uni-goettingen.de\/smng\/wp-json\/wp\/v2\/comments?post=457"}],"version-history":[{"count":2,"href":"https:\/\/news.uni-goettingen.de\/smng\/wp-json\/wp\/v2\/posts\/457\/revisions"}],"predecessor-version":[{"id":468,"href":"https:\/\/news.uni-goettingen.de\/smng\/wp-json\/wp\/v2\/posts\/457\/revisions\/468"}],"wp:featuredmedia":[{"embeddable":true,"href":"https:\/\/news.uni-goettingen.de\/smng\/wp-json\/wp\/v2\/media\/467"}],"wp:attachment":[{"href":"https:\/\/news.uni-goettingen.de\/smng\/wp-json\/wp\/v2\/media?parent=457"}],"wp:term":[{"taxonomy":"category","embeddable":true,"href":"https:\/\/news.uni-goettingen.de\/smng\/wp-json\/wp\/v2\/categories?post=457"},{"taxonomy":"post_tag","embeddable":true,"href":"https:\/\/news.uni-goettingen.de\/smng\/wp-json\/wp\/v2\/tags?post=457"}],"curies":[{"name":"wp","href":"https:\/\/api.w.org\/{rel}","templated":true}]}}