{"id":450,"date":"2026-01-16T16:25:12","date_gmt":"2026-01-16T15:25:12","guid":{"rendered":"https:\/\/news.uni-goettingen.de\/smng\/?p=450"},"modified":"2026-01-16T16:25:12","modified_gmt":"2026-01-16T15:25:12","slug":"1-goettinger-tag-der-geschichtslehrkraefte","status":"publish","type":"post","link":"https:\/\/news.uni-goettingen.de\/smng\/2026\/01\/16\/1-goettinger-tag-der-geschichtslehrkraefte\/","title":{"rendered":"1. G\u00f6ttinger Tag der Geschichtslehrkr\u00e4fte"},"content":{"rendered":"\n<div class=\"wp-block-media-text has-media-on-the-right is-stacked-on-mobile\" style=\"grid-template-columns:auto 30%\"><div class=\"wp-block-media-text__content\">\n<p>Die Geschichtsdidaktik l\u00e4dt herzlich zum&nbsp;<strong>1. G\u00f6ttinger Tag f\u00fcr Geschichtslehrkr\u00e4fte<\/strong>&nbsp;zum Thema&nbsp;<strong>&#8222;Historisches Lernen f\u00fcr Gegenwart und Zukunft &#8211; Demokratiebildung und Geschichtsunterricht&#8220;<\/strong>&nbsp;am&nbsp;<strong>12.&nbsp;Februar&nbsp;2026<\/strong>&nbsp;ein.&nbsp;Die Lehrkr\u00e4ftefortbildung, zu der auch die Studierenden herzlich eingeladen sind,&nbsp;findet am Waldweg statt und&nbsp;bietet praxisnahe Workshops&nbsp;mit Impulsen aus Fachdidaktik und Fachwissenschaft sowie Raum f\u00fcr Austausch und Vernetzung. Die Anmeldung erfolgt online&nbsp;\u00fcber das Nieders\u00e4chsische Landesinstitut f\u00fcr schulische Qualit\u00e4tsentwicklung. Der Link befindet sich im angeh\u00e4ngten <a href=\"https:\/\/news.uni-goettingen.de\/smng\/wp-content\/uploads\/sites\/27\/2026\/01\/Flyer_Goettinger-Tag-fuer-Geschichtslehrkraefte.pdf\">Flyer<\/a>.<\/p>\n<\/div><figure class=\"wp-block-media-text__media\"><img loading=\"lazy\" decoding=\"async\" width=\"1024\" height=\"576\" src=\"https:\/\/news.uni-goettingen.de\/smng\/wp-content\/uploads\/sites\/27\/2026\/01\/0-3-1024x576.jpg\" alt=\"\" class=\"wp-image-487 size-full\" srcset=\"https:\/\/news.uni-goettingen.de\/smng\/wp-content\/uploads\/sites\/27\/2026\/01\/0-3-1024x576.jpg 1024w, https:\/\/news.uni-goettingen.de\/smng\/wp-content\/uploads\/sites\/27\/2026\/01\/0-3-300x169.jpg 300w, https:\/\/news.uni-goettingen.de\/smng\/wp-content\/uploads\/sites\/27\/2026\/01\/0-3-768x432.jpg 768w, https:\/\/news.uni-goettingen.de\/smng\/wp-content\/uploads\/sites\/27\/2026\/01\/0-3-220x124.jpg 220w, https:\/\/news.uni-goettingen.de\/smng\/wp-content\/uploads\/sites\/27\/2026\/01\/0-3-1320x743.jpg 1320w, https:\/\/news.uni-goettingen.de\/smng\/wp-content\/uploads\/sites\/27\/2026\/01\/0-3.jpg 1440w\" sizes=\"(max-width: 1024px) 100vw, 1024px\" \/><\/figure><\/div>\n\n\n\n<hr class=\"wp-block-separator has-alpha-channel-opacity\" \/>\n\n\n\n<div class=\"wp-block-media-text has-media-on-the-right is-stacked-on-mobile\" style=\"grid-template-columns:auto 30%\"><div class=\"wp-block-media-text__content\">\n<p>The History Education Department cordially invites you to the <strong>1st G\u00f6ttingen Day for History Teachers on the topic of \u201cHistorical Learning for the Present and Future \u2013 Democracy Education and History Teaching\u201d<\/strong> on <strong>February 12, 2026<\/strong>. The teacher training event, to which students are also cordially invited, will take place at Waldweg and offers practical workshops with input from subject didactics and subject science, as well as space for exchange and networking. Registration is online via the Lower Saxony State Institute for School Quality Development. The link can be found in the attached <a href=\"https:\/\/news.uni-goettingen.de\/smng\/wp-content\/uploads\/sites\/27\/2026\/01\/Flyer_Goettinger-Tag-fuer-Geschichtslehrkraefte.pdf\">flyer<\/a>.<\/p>\n<\/div><figure class=\"wp-block-media-text__media\"><img loading=\"lazy\" decoding=\"async\" width=\"1024\" height=\"576\" src=\"https:\/\/news.uni-goettingen.de\/smng\/wp-content\/uploads\/sites\/27\/2026\/01\/0-3-1024x576.jpg\" alt=\"\" class=\"wp-image-487 size-full\" srcset=\"https:\/\/news.uni-goettingen.de\/smng\/wp-content\/uploads\/sites\/27\/2026\/01\/0-3-1024x576.jpg 1024w, https:\/\/news.uni-goettingen.de\/smng\/wp-content\/uploads\/sites\/27\/2026\/01\/0-3-300x169.jpg 300w, https:\/\/news.uni-goettingen.de\/smng\/wp-content\/uploads\/sites\/27\/2026\/01\/0-3-768x432.jpg 768w, https:\/\/news.uni-goettingen.de\/smng\/wp-content\/uploads\/sites\/27\/2026\/01\/0-3-220x124.jpg 220w, https:\/\/news.uni-goettingen.de\/smng\/wp-content\/uploads\/sites\/27\/2026\/01\/0-3-1320x743.jpg 1320w, https:\/\/news.uni-goettingen.de\/smng\/wp-content\/uploads\/sites\/27\/2026\/01\/0-3.jpg 1440w\" sizes=\"(max-width: 1024px) 100vw, 1024px\" \/><\/figure><\/div>\n","protected":false},"excerpt":{"rendered":"<p>Die Geschichtsdidaktik l\u00e4dt herzlich zum&nbsp;<strong>1. G\u00f6ttinger Tag f\u00fcr Geschichtslehrkr\u00e4fte<\/strong>&nbsp;zum Thema&nbsp;<strong>&#8222;Historisches Lernen f\u00fcr Gegenwart und Zukunft &#8211; Demokratiebildung und Geschichtsunterricht&#8220;<\/strong>&nbsp;am&nbsp;<strong>12.&nbsp;Februar&nbsp;2026<\/strong>&nbsp;ein.&nbsp;Die Lehrkr\u00e4ftefortbildung, zu der auch die Studierenden herzlich eingeladen sind,&nbsp;findet am Waldweg statt und&nbsp;bietet praxisnahe Workshops&nbsp;mit Impulsen aus Fachdidaktik und Fachwissenschaft sowie Raum f\u00fcr Austausch und Vernetzung. &hellip; <a href=\"https:\/\/news.uni-goettingen.de\/smng\/2026\/01\/16\/1-goettinger-tag-der-geschichtslehrkraefte\/\">Weiterlesen<\/a><\/p>\n","protected":false},"author":40,"featured_media":0,"comment_status":"open","ping_status":"open","sticky":false,"template":"","format":"standard","meta":{"footnotes":""},"categories":[50],"tags":[],"_links":{"self":[{"href":"https:\/\/news.uni-goettingen.de\/smng\/wp-json\/wp\/v2\/posts\/450"}],"collection":[{"href":"https:\/\/news.uni-goettingen.de\/smng\/wp-json\/wp\/v2\/posts"}],"about":[{"href":"https:\/\/news.uni-goettingen.de\/smng\/wp-json\/wp\/v2\/types\/post"}],"author":[{"embeddable":true,"href":"https:\/\/news.uni-goettingen.de\/smng\/wp-json\/wp\/v2\/users\/40"}],"replies":[{"embeddable":true,"href":"https:\/\/news.uni-goettingen.de\/smng\/wp-json\/wp\/v2\/comments?post=450"}],"version-history":[{"count":6,"href":"https:\/\/news.uni-goettingen.de\/smng\/wp-json\/wp\/v2\/posts\/450\/revisions"}],"predecessor-version":[{"id":506,"href":"https:\/\/news.uni-goettingen.de\/smng\/wp-json\/wp\/v2\/posts\/450\/revisions\/506"}],"wp:attachment":[{"href":"https:\/\/news.uni-goettingen.de\/smng\/wp-json\/wp\/v2\/media?parent=450"}],"wp:term":[{"taxonomy":"category","embeddable":true,"href":"https:\/\/news.uni-goettingen.de\/smng\/wp-json\/wp\/v2\/categories?post=450"},{"taxonomy":"post_tag","embeddable":true,"href":"https:\/\/news.uni-goettingen.de\/smng\/wp-json\/wp\/v2\/tags?post=450"}],"curies":[{"name":"wp","href":"https:\/\/api.w.org\/{rel}","templated":true}]}}