{"id":433,"date":"2026-01-16T16:23:57","date_gmt":"2026-01-16T15:23:57","guid":{"rendered":"https:\/\/news.uni-goettingen.de\/smng\/?p=433"},"modified":"2026-01-16T16:23:57","modified_gmt":"2026-01-16T15:23:57","slug":"studientag-im-rahmen-des-forschungskolloquium-neuere-geschichte","status":"publish","type":"post","link":"https:\/\/news.uni-goettingen.de\/smng\/2026\/01\/16\/studientag-im-rahmen-des-forschungskolloquium-neuere-geschichte\/","title":{"rendered":"Studientag im Rahmen des Forschungskolloquium Neuere Geschichte"},"content":{"rendered":"\n<div class=\"wp-block-media-text has-media-on-the-right is-stacked-on-mobile\" style=\"grid-template-columns:auto 30%\"><div class=\"wp-block-media-text__content\">\n<p>Am <strong>27. Januar<\/strong> findet als Sondersitzung des Forschungskolloquiums f\u00fcr Neuere Geschichte in Kooperation mit der Professur f\u00fcr Materialit\u00e4t des Wissens im <strong>Tagungszentrum an der Sternwarte<\/strong> (Geismar Landstra\u00dfe 11b, 37083 G\u00f6ttingen) ein Studientag statt. Interessierte, auch Studierende, sind herzlich eingeladen, den Vortr\u00e4gen beizuwohnen. <\/p>\n<\/div><figure class=\"wp-block-media-text__media\"><img loading=\"lazy\" decoding=\"async\" width=\"620\" height=\"1024\" src=\"https:\/\/news.uni-goettingen.de\/smng\/wp-content\/uploads\/sites\/27\/2026\/01\/0-2-620x1024.jpg\" alt=\"\" class=\"wp-image-483 size-full\" srcset=\"https:\/\/news.uni-goettingen.de\/smng\/wp-content\/uploads\/sites\/27\/2026\/01\/0-2-620x1024.jpg 620w, https:\/\/news.uni-goettingen.de\/smng\/wp-content\/uploads\/sites\/27\/2026\/01\/0-2-182x300.jpg 182w, https:\/\/news.uni-goettingen.de\/smng\/wp-content\/uploads\/sites\/27\/2026\/01\/0-2-768x1268.jpg 768w, https:\/\/news.uni-goettingen.de\/smng\/wp-content\/uploads\/sites\/27\/2026\/01\/0-2-931x1536.jpg 931w, https:\/\/news.uni-goettingen.de\/smng\/wp-content\/uploads\/sites\/27\/2026\/01\/0-2-1241x2048.jpg 1241w, https:\/\/news.uni-goettingen.de\/smng\/wp-content\/uploads\/sites\/27\/2026\/01\/0-2-220x363.jpg 220w, https:\/\/news.uni-goettingen.de\/smng\/wp-content\/uploads\/sites\/27\/2026\/01\/0-2-1320x2179.jpg 1320w, https:\/\/news.uni-goettingen.de\/smng\/wp-content\/uploads\/sites\/27\/2026\/01\/0-2-scaled.jpg 1551w\" sizes=\"(max-width: 620px) 100vw, 620px\" \/><\/figure><\/div>\n\n\n\n<hr class=\"wp-block-separator has-alpha-channel-opacity\" \/>\n\n\n\n<div class=\"wp-block-media-text has-media-on-the-right is-stacked-on-mobile\" style=\"grid-template-columns:auto 30%\"><div class=\"wp-block-media-text__content\">\n<p>On <strong>January 27<\/strong>, a study day will be held as a special session of the <strong>Research Colloquium for Modern History<\/strong> in cooperation with the <strong>Chair of Materiality of Knowledge<\/strong> at the conference center at the observatory (Geismar Landstra\u00dfe 11b, 37083 G\u00f6ttingen). Interested parties, including students, are cordially invited to attend the lectures.<\/p>\n<\/div><figure class=\"wp-block-media-text__media\"><img loading=\"lazy\" decoding=\"async\" width=\"620\" height=\"1024\" src=\"https:\/\/news.uni-goettingen.de\/smng\/wp-content\/uploads\/sites\/27\/2026\/01\/0-2-620x1024.jpg\" alt=\"\" class=\"wp-image-483 size-full\" srcset=\"https:\/\/news.uni-goettingen.de\/smng\/wp-content\/uploads\/sites\/27\/2026\/01\/0-2-620x1024.jpg 620w, https:\/\/news.uni-goettingen.de\/smng\/wp-content\/uploads\/sites\/27\/2026\/01\/0-2-182x300.jpg 182w, https:\/\/news.uni-goettingen.de\/smng\/wp-content\/uploads\/sites\/27\/2026\/01\/0-2-768x1268.jpg 768w, https:\/\/news.uni-goettingen.de\/smng\/wp-content\/uploads\/sites\/27\/2026\/01\/0-2-931x1536.jpg 931w, https:\/\/news.uni-goettingen.de\/smng\/wp-content\/uploads\/sites\/27\/2026\/01\/0-2-1241x2048.jpg 1241w, https:\/\/news.uni-goettingen.de\/smng\/wp-content\/uploads\/sites\/27\/2026\/01\/0-2-220x363.jpg 220w, https:\/\/news.uni-goettingen.de\/smng\/wp-content\/uploads\/sites\/27\/2026\/01\/0-2-1320x2179.jpg 1320w, https:\/\/news.uni-goettingen.de\/smng\/wp-content\/uploads\/sites\/27\/2026\/01\/0-2-scaled.jpg 1551w\" sizes=\"(max-width: 620px) 100vw, 620px\" \/><\/figure><\/div>\n","protected":false},"excerpt":{"rendered":"<p>Am <strong>27. Januar<\/strong> findet als Sondersitzung des Forschungskolloquiums f\u00fcr Neuere Geschichte in Kooperation mit der Professur f\u00fcr Materialit\u00e4t des Wissens im <strong>Tagungszentrum an der Sternwarte<\/strong> (Geismar Landstra\u00dfe 11b, 37083 G\u00f6ttingen) ein Studientag statt. Interessierte, auch Studierende, sind herzlich eingeladen, den Vortr\u00e4gen beizuwohnen. <\/p>\n<p>On <strong>January 27<\/strong>, a study day will be held as a special session of the <strong>Research Colloquium for Modern History<\/strong> in cooperation with the <strong>Chair of Materiality of Knowledge<\/strong> at the conference center at the observatory (Geismar Landstra\u00dfe 11b, &hellip; <a href=\"https:\/\/news.uni-goettingen.de\/smng\/2026\/01\/16\/studientag-im-rahmen-des-forschungskolloquium-neuere-geschichte\/\">Weiterlesen<\/a><\/p>\n","protected":false},"author":40,"featured_media":483,"comment_status":"open","ping_status":"open","sticky":false,"template":"","format":"standard","meta":{"footnotes":""},"categories":[50],"tags":[],"_links":{"self":[{"href":"https:\/\/news.uni-goettingen.de\/smng\/wp-json\/wp\/v2\/posts\/433"}],"collection":[{"href":"https:\/\/news.uni-goettingen.de\/smng\/wp-json\/wp\/v2\/posts"}],"about":[{"href":"https:\/\/news.uni-goettingen.de\/smng\/wp-json\/wp\/v2\/types\/post"}],"author":[{"embeddable":true,"href":"https:\/\/news.uni-goettingen.de\/smng\/wp-json\/wp\/v2\/users\/40"}],"replies":[{"embeddable":true,"href":"https:\/\/news.uni-goettingen.de\/smng\/wp-json\/wp\/v2\/comments?post=433"}],"version-history":[{"count":3,"href":"https:\/\/news.uni-goettingen.de\/smng\/wp-json\/wp\/v2\/posts\/433\/revisions"}],"predecessor-version":[{"id":508,"href":"https:\/\/news.uni-goettingen.de\/smng\/wp-json\/wp\/v2\/posts\/433\/revisions\/508"}],"wp:featuredmedia":[{"embeddable":true,"href":"https:\/\/news.uni-goettingen.de\/smng\/wp-json\/wp\/v2\/media\/483"}],"wp:attachment":[{"href":"https:\/\/news.uni-goettingen.de\/smng\/wp-json\/wp\/v2\/media?parent=433"}],"wp:term":[{"taxonomy":"category","embeddable":true,"href":"https:\/\/news.uni-goettingen.de\/smng\/wp-json\/wp\/v2\/categories?post=433"},{"taxonomy":"post_tag","embeddable":true,"href":"https:\/\/news.uni-goettingen.de\/smng\/wp-json\/wp\/v2\/tags?post=433"}],"curies":[{"name":"wp","href":"https:\/\/api.w.org\/{rel}","templated":true}]}}