{"id":927,"date":"2025-02-10T09:38:35","date_gmt":"2025-02-10T08:38:35","guid":{"rendered":"https:\/\/news.uni-goettingen.de\/ggg\/?p=927"},"modified":"2025-02-10T09:41:19","modified_gmt":"2025-02-10T08:41:19","slug":"12-promotionsstipendien-in-einem-neuen-promotionskolleg-einfuehrung-25-26-02-2025","status":"publish","type":"post","link":"https:\/\/news.uni-goettingen.de\/ggg\/2025\/02\/10\/12-promotionsstipendien-in-einem-neuen-promotionskolleg-einfuehrung-25-26-02-2025\/","title":{"rendered":"12 Promotionsstipendien in einem neuen Promotionskolleg (Einf\u00fchrung 25.\/26.02.2025)"},"content":{"rendered":"\n<p>F\u00fcr das\u00a0neue Promotionskolleg\u00a0zum Thema\u00a0\u201eVertretung marginalisierter Interessen im Wohlfahrtsstaat\u00a0(MARGIN)\u201c (PK 061), gef\u00f6rdert aus Mitteln der Hans-B\u00f6ckler-Stiftung, werden\u00a0zum fr\u00fchesten Beginn im Oktober 2025 bis zu 12 Promotionsstipendien\u00a0an der TH K\u00f6ln sowie Uni Duisburg-Essen (Standort Essen) vergeben. Wir freuen uns \u00fcber Bewerbungen aus den Bereichen politikwissenschaftlicher und soziologischer Wohlfahrtsstaatsforschung sowie der Sozialen Arbeit und Erziehungswissenschaft.<\/p>\n\n\n\n<!--more-->\n\n\n\n<p><strong>Bewerbungsschluss&nbsp;<\/strong>ist der&nbsp;<strong>28.04.2025<\/strong>.<\/p>\n\n\n\n<p>Am&nbsp;<strong>25. und 26.02.2025<\/strong>&nbsp;findet an der TH K\u00f6ln ein&nbsp;<strong>Vorbereitungsworkshop&nbsp;<\/strong>statt.<\/p>\n\n\n\n<p>Weitere Informationen gibt es unter:<\/p>\n\n\n\n<p><a href=\"http:\/\/jobs.zeit.de\/\" target=\"_blank\" rel=\"noreferrer noopener\">jobs.zeit.de<\/a>&nbsp;<\/p>\n\n\n\n<p><a href=\"https:\/\/jobs.zeit.de\/jobs\/preview\/1095771?preview_id=KwQVVk_e5NNHWGuN5CEVrV0FXBmoKHhNlACEsUM9jmI=\" target=\"_blank\" rel=\"noreferrer noopener\">12 Promotionsstipendien f\u00fcr das Promotionskolleg &#8222;Vertretung marginalisierter Interessen im Wohlfahrtsstaat (MARGIN)&#8220; (PK 061) &#8211; Hans-B\u00f6ckler-Stiftung | ZEIT ONLINE Stellenmarkt<\/a><\/p>\n\n\n\n<p>&nbsp;academics (<a href=\"http:\/\/academics.de\/\" target=\"_blank\" rel=\"noreferrer noopener\">academics.de<\/a>,&nbsp;<a href=\"http:\/\/academics.at\/\" target=\"_blank\" rel=\"noreferrer noopener\">academics.at<\/a>,&nbsp;<a href=\"http:\/\/academics.ch\/\" target=\"_blank\" rel=\"noreferrer noopener\">academics.ch<\/a>):<\/p>\n\n\n\n<p><a href=\"https:\/\/www.academics.de\/jobs\/preview\/1095771?preview_id=KwQVVk_e5NNHWGuN5CEVrV0FXBmoKHhNlACEsUM9jmI=\" target=\"_blank\" rel=\"noreferrer noopener\">12 Promotionsstipendien f\u00fcr das Promotionskolleg &#8222;Vertretung marginalisierter Interessen im Wohlfahrtsstaat (MARGIN)&#8220; (PK 061) &#8211; Hans-B\u00f6ckler-Stiftung | academics<\/a><\/p>\n\n\n\n<p>&nbsp;HBS-Website:<\/p>\n\n\n\n<p><a href=\"https:\/\/www.boeckler.de\/de\/stipendium-fur-promovierende-2670.htm\" target=\"_blank\" rel=\"noreferrer noopener\">Stipendium f\u00fcr Promovierende &#8211; Hans-B\u00f6ckler-Stiftung (boeckler.de)<\/a>&nbsp;(hier: \u201eAUSSCHREIBUNGEN F\u00dcR PROMOTIONSSTIPENDIEN UND POSTDOCS \/ PROMOTIONSSTIPENDIEN\u201c) Prof. Dr. Matthias Otten<br>Technische Hochschule&nbsp;K\u00f6ln<br>Fakult\u00e4t f\u00fcr Angewandte&nbsp;Sozialwissenschaften<br>Institut f\u00fcr Migration und&nbsp;Diversit\u00e4t<br>E-mail: <a href=\"mailto:matthias.otten@th-koeln.de\">matthias.otten@th-koeln.de<\/a><br>Fon. &nbsp; &nbsp;++49 0221-8275&nbsp;3360<br><a href=\"https:\/\/www.th-koeln.de\/personen\/matthias.otten\/\" target=\"_blank\" rel=\"noreferrer noopener\">https:\/\/www.th-koeln.de\/personen\/matthias.otten\/<\/a><\/p>\n","protected":false},"excerpt":{"rendered":"<p>F\u00fcr das\u00a0neue Promotionskolleg\u00a0zum Thema\u00a0\u201eVertretung marginalisierter Interessen im Wohlfahrtsstaat\u00a0(MARGIN)\u201c (PK 061), gef\u00f6rdert aus Mitteln der Hans-B\u00f6ckler-Stiftung, werden\u00a0zum fr\u00fchesten Beginn im Oktober 2025 bis zu 12 Promotionsstipendien\u00a0an der TH K\u00f6ln sowie Uni Duisburg-Essen (Standort Essen) vergeben. Wir freuen uns \u00fcber Bewerbungen aus den Bereichen politikwissenschaftlicher und soziologischer Wohlfahrtsstaatsforschung sowie der Sozialen Arbeit und Erziehungswissenschaft. &hellip; <a href=\"https:\/\/news.uni-goettingen.de\/ggg\/2025\/02\/10\/12-promotionsstipendien-in-einem-neuen-promotionskolleg-einfuehrung-25-26-02-2025\/\">Weiterlesen<\/a><\/p>\n","protected":false},"author":34,"featured_media":315,"comment_status":"closed","ping_status":"open","sticky":false,"template":"","format":"standard","meta":{"footnotes":""},"categories":[51],"tags":[63],"_links":{"self":[{"href":"https:\/\/news.uni-goettingen.de\/ggg\/wp-json\/wp\/v2\/posts\/927"}],"collection":[{"href":"https:\/\/news.uni-goettingen.de\/ggg\/wp-json\/wp\/v2\/posts"}],"about":[{"href":"https:\/\/news.uni-goettingen.de\/ggg\/wp-json\/wp\/v2\/types\/post"}],"author":[{"embeddable":true,"href":"https:\/\/news.uni-goettingen.de\/ggg\/wp-json\/wp\/v2\/users\/34"}],"replies":[{"embeddable":true,"href":"https:\/\/news.uni-goettingen.de\/ggg\/wp-json\/wp\/v2\/comments?post=927"}],"version-history":[{"count":2,"href":"https:\/\/news.uni-goettingen.de\/ggg\/wp-json\/wp\/v2\/posts\/927\/revisions"}],"predecessor-version":[{"id":931,"href":"https:\/\/news.uni-goettingen.de\/ggg\/wp-json\/wp\/v2\/posts\/927\/revisions\/931"}],"wp:featuredmedia":[{"embeddable":true,"href":"https:\/\/news.uni-goettingen.de\/ggg\/wp-json\/wp\/v2\/media\/315"}],"wp:attachment":[{"href":"https:\/\/news.uni-goettingen.de\/ggg\/wp-json\/wp\/v2\/media?parent=927"}],"wp:term":[{"taxonomy":"category","embeddable":true,"href":"https:\/\/news.uni-goettingen.de\/ggg\/wp-json\/wp\/v2\/categories?post=927"},{"taxonomy":"post_tag","embeddable":true,"href":"https:\/\/news.uni-goettingen.de\/ggg\/wp-json\/wp\/v2\/tags?post=927"}],"curies":[{"name":"wp","href":"https:\/\/api.w.org\/{rel}","templated":true}]}}