{"id":382,"date":"2024-10-23T10:21:16","date_gmt":"2024-10-23T08:21:16","guid":{"rendered":"https:\/\/news.uni-goettingen.de\/ggg\/?p=382"},"modified":"2024-11-04T10:39:54","modified_gmt":"2024-11-04T09:39:54","slug":"rueckblick-methodenwoche-und-termin-2025","status":"publish","type":"post","link":"https:\/\/news.uni-goettingen.de\/ggg\/2024\/10\/23\/rueckblick-methodenwoche-und-termin-2025\/","title":{"rendered":"R\u00fcckblick Methodenwoche 2024"},"content":{"rendered":"\n<h2 class=\"wp-block-heading\"><\/h2>\n\n\n\n<p>Vom 09.09. bis 12.09.2024 fand die 19. Interdisziplin\u00e4re Methodenwoche der GGG statt. <\/p>\n\n\n\n<!--more-->\n\n\n\n<p>Nach einem gemeinsamen organisatorischen Auftakt gab Dr. Katharina Beier von der Ombudsstelle f\u00fcr gute wissenschaftliche Praxis einen ausf\u00fchrlichen \u00dcberblick zu Standards und Regularien wissenschaftlichen Verhaltens einerseits sowie Fallstricken und dem Kontinuum zwischen fragw\u00fcrdiger wissenschaftlicher Praxis und wissenschaftlichem Fehlverhalten andererseits. Anschlie\u00dfend arbeiteten die Teilnehmenden dreieinhalb Tage lang in drei parallelen Workshops:<\/p>\n\n\n\n<ul>\n<li>Workshop 1: Methodenverkn\u00fcpfung \u2013Theorie und Forschungspraxis (<a href=\"https:\/\/fgz-risc.de\/das-forschungsinstitut\/personen\/details\/andrea-hense\" target=\"_blank\" rel=\"noreferrer noopener\">Dr. Andrea Hense<\/a>, G\u00f6ttingen)<\/li>\n\n\n\n<li>Workshop 2: Text als Daten \u2013 computergest\u00fctzte Methoden der Datensammlung und Textanalyse (<a href=\"https:\/\/valentingold.de\/\">Dr. Valentin Gol<\/a><a href=\"https:\/\/valentingold.de\/\" target=\"_blank\" rel=\"noreferrer noopener\">d<\/a>, G\u00f6ttingen)<\/li>\n\n\n\n<li>Workshop 4: Challenges and Benefits: Mastering Qualitative Interviewing in Social Research (<a href=\"https:\/\/www.uni-goettingen.de\/de\/forschung\/422008.html\" target=\"_blank\" rel=\"noreferrer noopener\">Dr. Ina Alber-Armenat<\/a>, G\u00f6ttingen)<\/li>\n<\/ul>\n\n\n\n<p>Mangels ausreichender Nachfrage musste in diesem Jahr Workshop 3 (Understanding Data-Driven Legal Scholarship: A Stata Workshop About Empirical Legal Studies mit <a href=\"https:\/\/www.jura.uni-hamburg.de\/die-fakultaet\/personenverzeichnis\/sarel-roee.html\" target=\"_blank\" rel=\"noreferrer noopener\">Jun.-Prof. Dr. Roee Sarel<\/a>, Hamburg) leider gestrichen werden.<\/p>\n\n\n\n<p>Mit 20 Teilnehmenden war es die bislang kleinste Methodenwoche der GGG. Die wenigen Anwesenden waren jedoch sehr engagiert und hatten in ihren Workshopgruppen das Privileg eines besonders intensiven Austauschs mit viel Raum f\u00fcr individuelle Fragestellungen.<\/p>\n\n\n\n<p>Ein Highlight war wie in den vergangenen Jahren die kurze F\u00fchrung durch die Historische Sternwarte mit anschlie\u00dfendem Grillabend. Wir alle haben den Austausch und die entspannte Atmosph\u00e4re genossen. Auch die Gelegenheit, Fragen zu stellen und Unterst\u00fctzung zu suchen, wurde wiederholt in Anspruch genommen.<\/p>\n\n\n\n<figure class=\"wp-block-image size-large\"><img loading=\"lazy\" decoding=\"async\" width=\"1024\" height=\"768\" src=\"https:\/\/news.uni-goettingen.de\/ggg\/wp-content\/uploads\/sites\/25\/2024\/10\/IMG_3891-1024x768.jpg\" alt=\"\" class=\"wp-image-383\" srcset=\"https:\/\/news.uni-goettingen.de\/ggg\/wp-content\/uploads\/sites\/25\/2024\/10\/IMG_3891-1024x768.jpg 1024w, https:\/\/news.uni-goettingen.de\/ggg\/wp-content\/uploads\/sites\/25\/2024\/10\/IMG_3891-300x225.jpg 300w, https:\/\/news.uni-goettingen.de\/ggg\/wp-content\/uploads\/sites\/25\/2024\/10\/IMG_3891-768x576.jpg 768w, https:\/\/news.uni-goettingen.de\/ggg\/wp-content\/uploads\/sites\/25\/2024\/10\/IMG_3891-1536x1152.jpg 1536w, https:\/\/news.uni-goettingen.de\/ggg\/wp-content\/uploads\/sites\/25\/2024\/10\/IMG_3891-220x165.jpg 220w, https:\/\/news.uni-goettingen.de\/ggg\/wp-content\/uploads\/sites\/25\/2024\/10\/IMG_3891-1320x990.jpg 1320w, https:\/\/news.uni-goettingen.de\/ggg\/wp-content\/uploads\/sites\/25\/2024\/10\/IMG_3891.jpg 1600w\" sizes=\"(max-width: 1024px) 100vw, 1024px\" \/><\/figure>\n","protected":false},"excerpt":{"rendered":"<p>Vom 09.09. bis 12.09.2024 fand die 19. Interdisziplin\u00e4re Methodenwoche der GGG statt. &hellip; <a href=\"https:\/\/news.uni-goettingen.de\/ggg\/2024\/10\/23\/rueckblick-methodenwoche-und-termin-2025\/\">Weiterlesen<\/a><\/p>\n","protected":false},"author":34,"featured_media":49,"comment_status":"closed","ping_status":"open","sticky":false,"template":"","format":"standard","meta":{"footnotes":""},"categories":[25],"tags":[40],"_links":{"self":[{"href":"https:\/\/news.uni-goettingen.de\/ggg\/wp-json\/wp\/v2\/posts\/382"}],"collection":[{"href":"https:\/\/news.uni-goettingen.de\/ggg\/wp-json\/wp\/v2\/posts"}],"about":[{"href":"https:\/\/news.uni-goettingen.de\/ggg\/wp-json\/wp\/v2\/types\/post"}],"author":[{"embeddable":true,"href":"https:\/\/news.uni-goettingen.de\/ggg\/wp-json\/wp\/v2\/users\/34"}],"replies":[{"embeddable":true,"href":"https:\/\/news.uni-goettingen.de\/ggg\/wp-json\/wp\/v2\/comments?post=382"}],"version-history":[{"count":6,"href":"https:\/\/news.uni-goettingen.de\/ggg\/wp-json\/wp\/v2\/posts\/382\/revisions"}],"predecessor-version":[{"id":584,"href":"https:\/\/news.uni-goettingen.de\/ggg\/wp-json\/wp\/v2\/posts\/382\/revisions\/584"}],"wp:featuredmedia":[{"embeddable":true,"href":"https:\/\/news.uni-goettingen.de\/ggg\/wp-json\/wp\/v2\/media\/49"}],"wp:attachment":[{"href":"https:\/\/news.uni-goettingen.de\/ggg\/wp-json\/wp\/v2\/media?parent=382"}],"wp:term":[{"taxonomy":"category","embeddable":true,"href":"https:\/\/news.uni-goettingen.de\/ggg\/wp-json\/wp\/v2\/categories?post=382"},{"taxonomy":"post_tag","embeddable":true,"href":"https:\/\/news.uni-goettingen.de\/ggg\/wp-json\/wp\/v2\/tags?post=382"}],"curies":[{"name":"wp","href":"https:\/\/api.w.org\/{rel}","templated":true}]}}