{"id":380,"date":"2024-10-23T10:17:12","date_gmt":"2024-10-23T08:17:12","guid":{"rendered":"https:\/\/news.uni-goettingen.de\/ggg\/?p=380"},"modified":"2024-11-04T10:38:47","modified_gmt":"2024-11-04T09:38:47","slug":"kandidatur-fuer-die-promovierendenvertretung-bis-11-23","status":"publish","type":"post","link":"https:\/\/news.uni-goettingen.de\/ggg\/2024\/10\/23\/kandidatur-fuer-die-promovierendenvertretung-bis-11-23\/","title":{"rendered":"Kandidatur f\u00fcr die Promovierendenvertretung (bis\u00a020.11.24)"},"content":{"rendered":"\n<hr class=\"wp-block-separator has-alpha-channel-opacity\" \/>\n\n\n\n<p><a id=\"_msocom_1\"><\/a><\/p>\n\n\n\n<p>&nbsp;<\/p>\n\n\n\n<p>Bis 20. November (15 Uhr) k\u00f6nnen sich Kandidat*innen f\u00fcr die Wahl der Promovierendenvertretung und der anderen Kollegialorgane im Januar 2025 online registrieren. Die Promovierendenvertretung der Juristischen, Sozial- und Wirtschaftswissenschaftlichen Fakult\u00e4t ist automatisch auch Mitglied im GGG-Vorstand und dort stimmberechtigt.<\/p>\n\n\n\n<!--more-->\n\n\n\n<p>Wenn Sie Interesse an der Kandidatur als Promovierendenvertretung der Fakult\u00e4t und im GGG-Vorstand haben, finden Sie Informationen zur Einreichung von Wahlvorschl\u00e4gen online hier: <a href=\"https:\/\/www.uni-goettingen.de\/de\/6015.html\" target=\"_blank\" rel=\"noreferrer noopener\">https:\/\/www.uni-goettingen.de\/de\/6015.html<\/a><\/p>\n\n\n\n<p>Die Vertreterin \/ der Vertreter der Promovierenden in der GGG hat eine wichtige Funktion als Ansprechperson f\u00fcr Promovierende aus den Gesellschaftswissenschaften und deren Vertretung innerhalb der Graduiertenschule, der Universit\u00e4t und auch in der \u00d6ffentlichkeit. Die Vertreterin \/ der Vertreter gestaltet w\u00e4hrend ihrer \/ seiner einj\u00e4hrigen Amtszeit die Graduiertenschule im Vorstand aktiv mit und vertritt die Interessen der unterschiedlichen Promovierenden in den Gesellschaftswissenschaften.<\/p>\n\n\n\n<p>Das <a href=\"https:\/\/www.uni-goettingen.de\/de\/68827.html\" target=\"_blank\" rel=\"noreferrer noopener\">GGG-Team<\/a> und die aktuellen <a href=\"https:\/\/www.uni-goettingen.de\/de\/447778.html\" target=\"_blank\" rel=\"noreferrer noopener\">Promovierendensprecher*innen<\/a> unterst\u00fctzen Sie gerne bei Ihrer Kandidatur und den erforderlichen Formalit\u00e4ten. Die <a href=\"https:\/\/www.uni-goettingen.de\/de\/554935.html\" target=\"_blank\" rel=\"noreferrer noopener\">Wahlen<\/a> finden dann vom 13. bis 21. Januar 2025 online statt. Die neue Amtszeit beginnt im April 2025.<\/p>\n\n\n\n<p>Wir freuen uns auf Ihre Kandidatur.<\/p>\n","protected":false},"excerpt":{"rendered":"<p><a id=\"_msocom_1\"><\/a><\/p>\n<p>&nbsp;<\/p>\n<p>Bis 20. November (15 Uhr) k\u00f6nnen sich Kandidat*innen f\u00fcr die Wahl der Promovierendenvertretung und der anderen Kollegialorgane im Januar 2025 online registrieren. Die Promovierendenvertretung der Juristischen, Sozial- und Wirtschaftswissenschaftlichen Fakult\u00e4t ist automatisch auch Mitglied im GGG-Vorstand und dort stimmberechtigt. &hellip; <a href=\"https:\/\/news.uni-goettingen.de\/ggg\/2024\/10\/23\/kandidatur-fuer-die-promovierendenvertretung-bis-11-23\/\">Weiterlesen<\/a><\/p>\n","protected":false},"author":34,"featured_media":64,"comment_status":"closed","ping_status":"open","sticky":false,"template":"","format":"standard","meta":{"footnotes":""},"categories":[25],"tags":[40],"_links":{"self":[{"href":"https:\/\/news.uni-goettingen.de\/ggg\/wp-json\/wp\/v2\/posts\/380"}],"collection":[{"href":"https:\/\/news.uni-goettingen.de\/ggg\/wp-json\/wp\/v2\/posts"}],"about":[{"href":"https:\/\/news.uni-goettingen.de\/ggg\/wp-json\/wp\/v2\/types\/post"}],"author":[{"embeddable":true,"href":"https:\/\/news.uni-goettingen.de\/ggg\/wp-json\/wp\/v2\/users\/34"}],"replies":[{"embeddable":true,"href":"https:\/\/news.uni-goettingen.de\/ggg\/wp-json\/wp\/v2\/comments?post=380"}],"version-history":[{"count":5,"href":"https:\/\/news.uni-goettingen.de\/ggg\/wp-json\/wp\/v2\/posts\/380\/revisions"}],"predecessor-version":[{"id":580,"href":"https:\/\/news.uni-goettingen.de\/ggg\/wp-json\/wp\/v2\/posts\/380\/revisions\/580"}],"wp:featuredmedia":[{"embeddable":true,"href":"https:\/\/news.uni-goettingen.de\/ggg\/wp-json\/wp\/v2\/media\/64"}],"wp:attachment":[{"href":"https:\/\/news.uni-goettingen.de\/ggg\/wp-json\/wp\/v2\/media?parent=380"}],"wp:term":[{"taxonomy":"category","embeddable":true,"href":"https:\/\/news.uni-goettingen.de\/ggg\/wp-json\/wp\/v2\/categories?post=380"},{"taxonomy":"post_tag","embeddable":true,"href":"https:\/\/news.uni-goettingen.de\/ggg\/wp-json\/wp\/v2\/tags?post=380"}],"curies":[{"name":"wp","href":"https:\/\/api.w.org\/{rel}","templated":true}]}}