{"id":1140,"date":"2025-04-29T12:43:45","date_gmt":"2025-04-29T10:43:45","guid":{"rendered":"https:\/\/news.uni-goettingen.de\/ggg\/?p=1140"},"modified":"2025-04-29T12:43:45","modified_gmt":"2025-04-29T10:43:45","slug":"ihre-ansprechpersonen-2","status":"publish","type":"post","link":"https:\/\/news.uni-goettingen.de\/ggg\/2025\/04\/29\/ihre-ansprechpersonen-2\/","title":{"rendered":"Ihre Ansprechpersonen"},"content":{"rendered":"\n<p>Wenn Sie mehr \u00fcber das Qualifizierungsprogramm, unsere F\u00f6rderm\u00f6glichkeiten und Beratungsangebote wissen m\u00f6chten oder andere Fragen haben, k\u00f6nnen Sie uns in der Gesch\u00e4ftsstelle jederzeit kontaktieren.<\/p>\n\n\n\n<!--more-->\n\n\n\n<h3 class=\"wp-block-heading\"><a href=\"https:\/\/www.uni-goettingen.de\/de\/bettina+ro%c3%9f\/103006.html\" target=\"_blank\" rel=\"noreferrer noopener\">Dr. Bettina Ro\u00df<\/a><\/h3>\n\n\n\n<p><em>Gesch\u00e4ftsf\u00fchrung der GGG (Montag bis Donnerstag) <\/em>Konzeptionelle, strategische und Zukunftsfragen, Promotionsprogramme, F\u00f6rderungen und allgemeine Fragen<br>Tel.: 0551 39 28217<br>E-Mail: <a href=\"mailto:bettina.ross@uni-goettingen.de\" target=\"_blank\" rel=\"noreferrer noopener\">bettina.ross@uni-goettingen.de<\/a><\/p>\n\n\n\n<h3 class=\"wp-block-heading\"><a href=\"https:\/\/www.uni-goettingen.de\/de\/650586.html\" target=\"_blank\" rel=\"noreferrer noopener\">Dr. Nelly C. Schubert<\/a><\/h3>\n\n\n\n<p><em>Koordination Qualifizierung<\/em><br>Kurse und Methodenwoche, Wege ins Wissenschaftsmanagement<br>Tel.: 0551 39 28219<br>E-Mail: <a href=\"https:\/\/news.uni-goettingen.de\/ggg\/2024\/07\/22\/ansprechpersonen\/nelly.caroline.schubert@uni-goettingen.de\" target=\"_blank\" rel=\"noreferrer noopener\">nelly.caroline.schubert@uni-goettingen.d<\/a>e<\/p>\n\n\n\n<h3 class=\"wp-block-heading\"><a href=\"https:\/\/www.uni-goettingen.de\/de\/528608.html\" target=\"_blank\" rel=\"noreferrer noopener\">Silvia Wagner<\/a><\/h3>\n\n\n\n<p><em>Mittelverwaltung der GGG (Di vormittags, Do, Fr nachmittags)<\/em><br>Ansprechpartnerin f\u00fcr Antr\u00e4ge, Gelder, Mittelverwaltung, Rechnungen, Registrierung und Formulare<br>Tel.: 0551 39 28174<br>E-Mail: <a href=\"mailto:silvia.wagner@uni-goettingen.de\">silvia.wagner@uni-goettingen.de<\/a><\/p>\n\n\n\n<h3 class=\"wp-block-heading\">NN<\/h3>\n\n\n\n<p><em>Promotionsf\u00f6rderberatung\/International Helpdesk (vakant)<\/em><br>Promotionsf\u00f6rderberatung (Einzelf\u00f6rderung), Unterst\u00fctzung f\u00fcr internationale Promovierende und Internationales, Einstiegs- und Krisenberatung<\/p>\n","protected":false},"excerpt":{"rendered":"<p>Wenn Sie mehr \u00fcber das Qualifizierungsprogramm, unsere F\u00f6rderm\u00f6glichkeiten und Beratungsangebote wissen m\u00f6chten oder andere Fragen haben, k\u00f6nnen Sie uns in der Gesch\u00e4ftsstelle jederzeit kontaktieren. &hellip; <a href=\"https:\/\/news.uni-goettingen.de\/ggg\/2025\/04\/29\/ihre-ansprechpersonen-2\/\">Weiterlesen<\/a><\/p>\n","protected":false},"author":34,"featured_media":38,"comment_status":"open","ping_status":"open","sticky":false,"template":"","format":"standard","meta":{"footnotes":""},"categories":[73],"tags":[86],"_links":{"self":[{"href":"https:\/\/news.uni-goettingen.de\/ggg\/wp-json\/wp\/v2\/posts\/1140"}],"collection":[{"href":"https:\/\/news.uni-goettingen.de\/ggg\/wp-json\/wp\/v2\/posts"}],"about":[{"href":"https:\/\/news.uni-goettingen.de\/ggg\/wp-json\/wp\/v2\/types\/post"}],"author":[{"embeddable":true,"href":"https:\/\/news.uni-goettingen.de\/ggg\/wp-json\/wp\/v2\/users\/34"}],"replies":[{"embeddable":true,"href":"https:\/\/news.uni-goettingen.de\/ggg\/wp-json\/wp\/v2\/comments?post=1140"}],"version-history":[{"count":1,"href":"https:\/\/news.uni-goettingen.de\/ggg\/wp-json\/wp\/v2\/posts\/1140\/revisions"}],"predecessor-version":[{"id":1141,"href":"https:\/\/news.uni-goettingen.de\/ggg\/wp-json\/wp\/v2\/posts\/1140\/revisions\/1141"}],"wp:featuredmedia":[{"embeddable":true,"href":"https:\/\/news.uni-goettingen.de\/ggg\/wp-json\/wp\/v2\/media\/38"}],"wp:attachment":[{"href":"https:\/\/news.uni-goettingen.de\/ggg\/wp-json\/wp\/v2\/media?parent=1140"}],"wp:term":[{"taxonomy":"category","embeddable":true,"href":"https:\/\/news.uni-goettingen.de\/ggg\/wp-json\/wp\/v2\/categories?post=1140"},{"taxonomy":"post_tag","embeddable":true,"href":"https:\/\/news.uni-goettingen.de\/ggg\/wp-json\/wp\/v2\/tags?post=1140"}],"curies":[{"name":"wp","href":"https:\/\/api.w.org\/{rel}","templated":true}]}}