{"id":2364,"date":"2025-11-28T12:20:58","date_gmt":"2025-11-28T11:20:58","guid":{"rendered":"https:\/\/news.uni-goettingen.de\/gauss\/?p=2364"},"modified":"2025-12-19T12:02:14","modified_gmt":"2025-12-19T11:02:14","slug":"in-german-podiumsdiskussion-dont-call-juristische-gesellschaftliche-und-aktivistische-perspektiven-auf-catcalling-2-dec-2025","status":"publish","type":"post","link":"https:\/\/news.uni-goettingen.de\/gauss\/2025\/11\/28\/in-german-podiumsdiskussion-dont-call-juristische-gesellschaftliche-und-aktivistische-perspektiven-auf-catcalling-2-dec-2025\/","title":{"rendered":"[in German] Podiumsdiskussion: &#8220;Don\u2019t call \u2013 Juristische, gesellschaftliche und aktivistische Perspektiven auf Catcalling&#8221; (2 Dec 2025)"},"content":{"rendered":"\n<p>Hinterherpfeifen, sexualisierte Gesten und Rufe, sexistische Spr\u00fcche, \u00fcbergriffige Kommentare \u2013 Catcalling ist eine allt\u00e4gliche Form von sexualisierter Gewalt im \u00f6ffentlichen Raum. Es ist kein Kompliment, kein Spa\u00df und keine Bagatelle.<\/p>\n\n\n\n<p>F\u00fcnf Jahre nach der Petition <em>\u201eEs ist 2020. Catcalling sollte strafbar sein\u201c<\/em> greifen Expert*innen das Thema erneut auf und diskutieren, weshalb Catcalling weiterhin nicht strafrechtlich verfolgt wird und welche gesellschaftlichen und politischen Entwicklungen notwendig w\u00e4ren.<\/p>\n\n\n\n<p>Am <strong>2. Dezember 2025<\/strong> findet von 17:00-19:00 Uhr die Podiumsdiskussion &#8220;<strong>Don\u2019t call \u2013 Juristische, gesellschaftliche und aktivistische Perspektiven auf Catcalling<\/strong>&#8221; im <strong>Tagungszentrum Alte Mensa Adam-Von-Trott-Saal, <\/strong>Wilhelmsplatz 3, 37073 G\u00f6ttingen statt.<\/p>\n\n\n\n<p>Das Podium wird besetzt durch <strong>Dr. J\u00f6rdis Grabow<\/strong> (Soziologin und Coachin), <strong>Victoria Loesche<\/strong> (Catcalls of G\u00f6ttingen) sowie <strong>Dr. Carolin Weyand<\/strong> (Fachanw\u00e4ltin f\u00fcr Strafrecht).<\/p>\n\n\n\n<p>Organisiert und moderiert wird der Abend von <strong>Dr. Doris Hayn<\/strong> (Gleichstellungsbeauftragte der Universit\u00e4t G\u00f6ttingen) und <strong>Jana Pasch<\/strong> (Gleichstellungsbeauftragte der Philosophischen Fakult\u00e4t).<\/p>\n\n\n\n<p>W\u00e4hrend der Veranstaltung wird eine Kinderbetreuung durch das Personal der Kindertagespflegeb\u00f6rse G\u00f6ttingen angeboten. Bei Bedarf bitte eine kurze E-Mail mit Altersangabe des Kindes an <strong><a href=\"mailto:gleichstellung@phil.uni-goettingen.de\">gleichstellung@phil.uni-goettingen.de<\/a><\/strong>.<\/p>\n\n\n\n<p>Mehr Informationen: <a href=\"https:\/\/www.uni-goettingen.de\/de\/703093.html\" target=\"_blank\" rel=\"noreferrer noopener\">https:\/\/www.uni-goettingen.de\/de\/703093.html<\/a><\/p>\n","protected":false},"excerpt":{"rendered":"<p>Hinterherpfeifen, sexualisierte Gesten und Rufe, sexistische Spr\u00fcche, \u00fcbergriffige Kommentare \u2013 Catcalling ist eine allt\u00e4gliche Form von sexualisierter Gewalt im \u00f6ffentlichen Raum. Es ist kein Kompliment, kein Spa\u00df und keine Bagatelle.<\/p>\n<p>F\u00fcnf Jahre nach der Petition <em>\u201eEs ist 2020. Catcalling sollte strafbar sein\u201c<\/em> greifen Expert*innen das Thema erneut auf und diskutieren, weshalb Catcalling weiterhin nicht strafrechtlich verfolgt wird und welche gesellschaftlichen und politischen Entwicklungen notwendig w\u00e4ren. &hellip; <a href=\"https:\/\/news.uni-goettingen.de\/gauss\/2025\/11\/28\/in-german-podiumsdiskussion-dont-call-juristische-gesellschaftliche-und-aktivistische-perspektiven-auf-catcalling-2-dec-2025\/\">Continued<\/a><\/p>\n","protected":false},"author":18,"featured_media":0,"comment_status":"open","ping_status":"open","sticky":false,"template":"","format":"standard","meta":{"footnotes":""},"categories":[266,262],"tags":[268,270],"_links":{"self":[{"href":"https:\/\/news.uni-goettingen.de\/gauss\/wp-json\/wp\/v2\/posts\/2364"}],"collection":[{"href":"https:\/\/news.uni-goettingen.de\/gauss\/wp-json\/wp\/v2\/posts"}],"about":[{"href":"https:\/\/news.uni-goettingen.de\/gauss\/wp-json\/wp\/v2\/types\/post"}],"author":[{"embeddable":true,"href":"https:\/\/news.uni-goettingen.de\/gauss\/wp-json\/wp\/v2\/users\/18"}],"replies":[{"embeddable":true,"href":"https:\/\/news.uni-goettingen.de\/gauss\/wp-json\/wp\/v2\/comments?post=2364"}],"version-history":[{"count":1,"href":"https:\/\/news.uni-goettingen.de\/gauss\/wp-json\/wp\/v2\/posts\/2364\/revisions"}],"predecessor-version":[{"id":2365,"href":"https:\/\/news.uni-goettingen.de\/gauss\/wp-json\/wp\/v2\/posts\/2364\/revisions\/2365"}],"wp:attachment":[{"href":"https:\/\/news.uni-goettingen.de\/gauss\/wp-json\/wp\/v2\/media?parent=2364"}],"wp:term":[{"taxonomy":"category","embeddable":true,"href":"https:\/\/news.uni-goettingen.de\/gauss\/wp-json\/wp\/v2\/categories?post=2364"},{"taxonomy":"post_tag","embeddable":true,"href":"https:\/\/news.uni-goettingen.de\/gauss\/wp-json\/wp\/v2\/tags?post=2364"}],"curies":[{"name":"wp","href":"https:\/\/api.w.org\/{rel}","templated":true}]}}