{"id":779,"date":"2024-05-14T17:21:40","date_gmt":"2024-05-14T15:21:40","guid":{"rendered":"https:\/\/news.uni-goettingen.de\/gauss-career\/?p=779"},"modified":"2024-06-14T06:41:34","modified_gmt":"2024-06-14T04:41:34","slug":"workshop-perspektive-professorin-in-german-18-19-july-2024-apply-by-14-june-2024","status":"publish","type":"post","link":"https:\/\/news.uni-goettingen.de\/gauss-career\/2024\/05\/14\/workshop-perspektive-professorin-in-german-18-19-july-2024-apply-by-14-june-2024\/","title":{"rendered":"Workshop &#8220;Perspektive Professorin&#8221; (in German!, 18-19 July 2024, apply by 14 June 2024)"},"content":{"rendered":"<div class=\"wp-block-image\">\n<figure class=\"alignright size-full\"><img loading=\"lazy\" decoding=\"async\" width=\"168\" height=\"173\" src=\"https:\/\/news.uni-goettingen.de\/gauss-career\/wp-content\/uploads\/sites\/22\/2024\/05\/Screenshot-2024-05-06-at-14-13-35-Perspektive-Professorin.png\" alt=\"\" class=\"wp-image-780\" \/><\/figure><\/div>\n\n\n<p>The <a href=\"https:\/\/www.lakof-bw.de\/lakof-bw\/organisation\" target=\"_blank\" rel=\"noreferrer noopener\">Landeskonferenz der Gleichstellungsbeauftragten in Baden-W\u00fcrttemberg (HAW\/DHBW)<\/a> is offering an <a href=\"https:\/\/www.lakof-bw.de\/fuer-akademikerinnen\/auf-dem-weg-zur-professur-hawdhbw\/perspektive-professorin\" target=\"_blank\" rel=\"noreferrer noopener\"><strong>in-person workshop (in German!)<\/strong> <\/a>on how to apply for a HAW professorship. <\/p>\n\n\n\n<div class=\"wp-block-group is-layout-constrained wp-block-group-is-layout-constrained\"><div class=\"wp-block-group__inner-container\">\n<div class=\"wp-block-group is-layout-constrained wp-block-group-is-layout-constrained\"><div class=\"wp-block-group__inner-container\">\n<ul>\n<li>Date: <strong>18-19 July 2024 (10-17)<\/strong><\/li>\n\n\n\n<li>Location: <a href=\"https:\/\/www.hohenwart.de\/\" target=\"_blank\" rel=\"noreferrer noopener\">Hohenwart Forum<\/a> Pforzheim (Sch\u00f6nbornstra\u00dfe 25, 75181 Pforzheim-Hohenwart)<\/li>\n\n\n\n<li>Registration until <strong>14 June 2024<\/strong>: <a href=\"https:\/\/datenbank.lakof-bw.de\/index.php?id=2\" target=\"_blank\" rel=\"noreferrer noopener\">Datenbank Professorin (HAW\/DHBW<\/a>)<\/li>\n\n\n\n<li>For further questions contact: <a href=\"mailto:katrin.haussmann@h-ka.de\" target=\"_blank\" rel=\"noreferrer noopener\">Prof. Dr. Katrin Hau\u00dfmann<\/a> (speaker of the Landeskonferenz der Gleichstellungsbeauftragten an HAW in Baden-W\u00fcrttemberg und der DHBW)<\/li>\n\n\n\n<li>Good command of German is required and therefore further information is available in German<\/li>\n<\/ul>\n<\/div><\/div>\n<\/div><\/div>\n\n\n\n<!--more-->\n\n\n\n<p><strong>Der Inhalt<\/strong><br>Bei einem zweit\u00e4gigen Workshop erhalten Sie aus erster Hand von erfahrenen Professorinnen Tipps zur Bewerbung auf eine Professur an einer HAW und zur Planung und Durchf\u00fchrung von Lehrveranstaltungen. Ganz konkret haben Sie die M\u00f6glichkeit, Ihre Bewerbungsunterlagen von erfahrenen Professorinnen \u00fcberpr\u00fcfen zu lassen. Zudem halten Sie probeweise einen Berufungsvortrag und erhalten ausf\u00fchrliches Feedback.<\/p>\n\n\n\n<p><strong>Voraussetzungen<\/strong><br>Frauen, die die Berufungsvoraussetzungen f\u00fcr eine Professur an einer Hochschule f\u00fcr angewandte Wissenschaften (HAW) oder einer Dualen Hochschule (DHBW) erf\u00fcllen bzw. in naher Zukunft erf\u00fcllen.<\/p>\n\n\n\n<p><strong>Die Ziele<\/strong><br>Das Seminar will dazu beitragen, die Chancen bei der Bewerbung um eine HAW-Professur zu verbessern. Daf\u00fcr werden zwei Schwerpunkte gesetzt: Der eine gilt der effektiven Gestaltung von Lehrveranstaltungen, der zweite soll helfen, die Berufungschancen realistisch einzusch\u00e4tzen und optimale Bewerbungsstrategien zu entwickeln.<\/p>\n\n\n\n<p><strong>Die ReferentInnen<\/strong><\/p>\n\n\n\n<ul>\n<li><a href=\"https:\/\/www.hs-esslingen.de\/soziale-arbeit-bildung-und-pflege\/personen\/fakultaetsangehoerige\/entpflichtete-professoren\/\" target=\"_blank\" rel=\"noreferrer noopener\">Prof. Dr. phil. habil. Birgit Meyer<\/a>, Hochschule Esslingen<\/li>\n\n\n\n<li><a href=\"https:\/\/www.h-ka.de\/die-hochschule-karlsruhe\/organisation-personen\/personen-a-z\/person\/cosima-schmauch\" target=\"_blank\" rel=\"noreferrer noopener\">Prof. Dr. Cosima Schmauch<\/a>, Hochschule Karlsruhe<\/li>\n\n\n\n<li><a href=\"https:\/\/www.hfwu.de\/heidemarie-seel\/\" target=\"_blank\" rel=\"noreferrer noopener\">Prof. Dr. Heidemarie Seel<\/a>, Hochschule f\u00fcr Wirtschaft und Umwelt N\u00fcrtingen-Geislingen<\/li>\n\n\n\n<li><a href=\"https:\/\/www.hochschuldidaktik.net\/fortbildungen\/referenten#referent_23741\" target=\"_blank\" rel=\"noreferrer noopener\">Dr. Thomas D&#8217;Souza<\/a>, Leiter der Gesch\u00e4ftsstelle f\u00fcr Hochschuldidaktik<\/li>\n<\/ul>\n\n\n\n<p><strong>Hinweise<\/strong><br>Bitte bringen Sie Ausschnitte aus einer Probevorlesung oder aus einer eigenen Lehrveranstaltung sowie Bewerbungen um HAW-Professuren mit.<\/p>\n\n\n\n<p><strong>Die Kosten<\/strong><br>Die Teilnehmerinnen tragen nur die Kosten f\u00fcr die Anfahrt, Unterkunft und Verpflegung (ca. 215 \u20ac). Die Seminarkosten werden aus Mitteln des Mathilde-Planck-Programms bezahlt.<\/p>\n\n\n\n<p><strong>Anzahl Teilnehmerinnen<\/strong><br>An der Pr\u00e4senzveranstaltung k\u00f6nnen maximal 15 Personen teilnehmen. Bei der Auswahl orientieren wir uns an den pers\u00f6nlichen und fachlichen Berufungschancen.<br><\/p>\n","protected":false},"excerpt":{"rendered":"<p>The <a href=\"https:\/\/www.lakof-bw.de\/lakof-bw\/organisation\" target=\"_blank\" rel=\"noreferrer noopener\">Landeskonferenz der Gleichstellungsbeauftragten in Baden-W\u00fcrttemberg (HAW\/DHBW)<\/a> is offering an <a href=\"https:\/\/www.lakof-bw.de\/fuer-akademikerinnen\/auf-dem-weg-zur-professur-hawdhbw\/perspektive-professorin\" target=\"_blank\" rel=\"noreferrer noopener\"><strong>in-person workshop (in German!)<\/strong> <\/a>on how to apply for a HAW professorship. <\/p>\n<ul>\n<li>Date: <strong>18-19 July 2024 (10-17)<\/strong><\/li>\n<li>Location: <a href=\"https:\/\/www.hohenwart.de\/\" target=\"_blank\" rel=\"noreferrer noopener\">Hohenwart Forum<\/a> Pforzheim (Sch\u00f6nbornstra\u00dfe 25, 75181 Pforzheim-Hohenwart)<\/li>\n<li>Registration until <strong>14 June 2024<\/strong>: <a href=\"https:\/\/datenbank.lakof-bw.de\/index.php?id=2\" target=\"_blank\" rel=\"noreferrer noopener\">Datenbank Professorin (HAW\/DHBW<\/a>)<\/li>\n<li>For further questions contact: <a href=\"mailto:katrin.haussmann@h-ka.de\" target=\"_blank\" rel=\"noreferrer noopener\">Prof.<\/a><\/li>\n<\/ul>\n<p> &hellip; <a href=\"https:\/\/news.uni-goettingen.de\/gauss-career\/2024\/05\/14\/workshop-perspektive-professorin-in-german-18-19-july-2024-apply-by-14-june-2024\/\">Continued<\/a><\/p>\n","protected":false},"author":26,"featured_media":0,"comment_status":"open","ping_status":"open","sticky":false,"template":"","format":"standard","meta":{"footnotes":""},"categories":[43,39],"tags":[45],"_links":{"self":[{"href":"https:\/\/news.uni-goettingen.de\/gauss-career\/wp-json\/wp\/v2\/posts\/779"}],"collection":[{"href":"https:\/\/news.uni-goettingen.de\/gauss-career\/wp-json\/wp\/v2\/posts"}],"about":[{"href":"https:\/\/news.uni-goettingen.de\/gauss-career\/wp-json\/wp\/v2\/types\/post"}],"author":[{"embeddable":true,"href":"https:\/\/news.uni-goettingen.de\/gauss-career\/wp-json\/wp\/v2\/users\/26"}],"replies":[{"embeddable":true,"href":"https:\/\/news.uni-goettingen.de\/gauss-career\/wp-json\/wp\/v2\/comments?post=779"}],"version-history":[{"count":3,"href":"https:\/\/news.uni-goettingen.de\/gauss-career\/wp-json\/wp\/v2\/posts\/779\/revisions"}],"predecessor-version":[{"id":814,"href":"https:\/\/news.uni-goettingen.de\/gauss-career\/wp-json\/wp\/v2\/posts\/779\/revisions\/814"}],"wp:attachment":[{"href":"https:\/\/news.uni-goettingen.de\/gauss-career\/wp-json\/wp\/v2\/media?parent=779"}],"wp:term":[{"taxonomy":"category","embeddable":true,"href":"https:\/\/news.uni-goettingen.de\/gauss-career\/wp-json\/wp\/v2\/categories?post=779"},{"taxonomy":"post_tag","embeddable":true,"href":"https:\/\/news.uni-goettingen.de\/gauss-career\/wp-json\/wp\/v2\/tags?post=779"}],"curies":[{"name":"wp","href":"https:\/\/api.w.org\/{rel}","templated":true}]}}