{"id":78,"date":"2023-11-14T20:03:28","date_gmt":"2023-11-14T19:03:28","guid":{"rendered":"https:\/\/news.uni-goettingen.de\/diversitaetsforschung\/?p=78"},"modified":"2023-11-14T20:43:42","modified_gmt":"2023-11-14T19:43:42","slug":"personeller-wechsel-zum-wintersemester-julia-giese-kommt-zurueck-lisa-bruenig-geht-nicht-ganz","status":"publish","type":"post","link":"https:\/\/news.uni-goettingen.de\/diversitaetsforschung\/2023\/11\/14\/personeller-wechsel-zum-wintersemester-julia-giese-kommt-zurueck-lisa-bruenig-geht-nicht-ganz\/","title":{"rendered":"Personeller Wechsel zum Wintersemester: Julia Giese kommt (zur\u00fcck), Lisa Br\u00fcnig geht (nicht ganz)"},"content":{"rendered":"\n<p>P\u00fcnktlich zum Beginn der Vorlesungszeit ist unsere Kollegin Dr. Julia Giese aus der Elternzeit auf ihre Stelle als wissenschaftliche Mitarbeiterin zur Verbesserung der Lehr- und Betreuungssituation im MA-Studiengang Sozialwissenschaftliche Diversit\u00e4tsforschung zur\u00fcckgekehrt. Ihre Elternzeitvertretung Lisa Br\u00fcnig ist weiterhin Koordinatorin des Kompetenzzentrums f\u00fcr geschlechtersensible Medizin der Medizinischen Hochschule Hannover (MHH) und bleibt dem Institut f\u00fcr Diversit\u00e4tsforschung als Doktorandin weiter verbunden. Julia Giese wird das Lehrforschungsprojekt &#8222;Diversity vor Ort&#8220; im Blockformat anbieten. Im akademischen Jahr 2023\/24 steht dies im Kontext des Stadtlabors 2.0 &#8211; Wege zur kolonialkritischen Stadt und wird als Kooperation mit dem Institut f\u00fcr Kulturanthropologie\/Europ\u00e4ische Ethnologie durchgef\u00fchrt.  <\/p>\n\n\n<a class=\"wp-block-read-more\" href=\"https:\/\/news.uni-goettingen.de\/diversitaetsforschung\/2023\/11\/14\/personeller-wechsel-zum-wintersemester-julia-giese-kommt-zurueck-lisa-bruenig-geht-nicht-ganz\/\" target=\"_self\">Weiterlesen<span class=\"screen-reader-text\">: Personeller Wechsel zum Wintersemester: Julia Giese kommt (zur\u00fcck), Lisa Br\u00fcnig geht (nicht ganz)<\/span><\/a>\n\n\n<hr class=\"wp-block-separator has-alpha-channel-opacity\" \/>\n\n\n\n<h2 class=\"wp-block-heading\"><strong>Personnel changes for the winter semester: Hello (again) Julia Giese, bye-bye (for now) Lisa Br\u00fcnig<\/strong><\/h2>\n\n\n\n<p>Just in time for the start of the lecture period, our colleague Dr. Julia Giese has returned from parental leave. Her parental leave replacement Lisa Br\u00fcnig continues to be the coordinator of the Competence Centre for Gender-Sensitive Medicine at Hannover Medical School (MHH) and remains associated with the Diversity Research Institute as a doctoral student. Julia Giese will teach the community-based research module &#8222;Diversity on site&#8220; in block format. In the 2023\/24 academic year, this will be part of the &#8222;Stadtlabor 2.0 &#8211; Paths towards a colonial-critical city&#8220; project and as such will be carried out in cooperation with the Institute of Cultural Anthropology\/European Ethnology.<\/p>\n","protected":false},"excerpt":{"rendered":"<p>P\u00fcnktlich zum Beginn der Vorlesungszeit ist unsere Kollegin Dr. Julia Giese aus der Elternzeit auf ihre Stelle als wissenschaftliche Mitarbeiterin zur Verbesserung der Lehr- und Betreuungssituation im MA-Studiengang Sozialwissenschaftliche Diversit\u00e4tsforschung zur\u00fcckgekehrt. Ihre Elternzeitvertretung Lisa Br\u00fcnig ist weiterhin Koordinatorin des Kompetenzzentrums f\u00fcr geschlechtersensible Medizin der Medizinischen Hochschule Hannover (MHH) und bleibt dem Institut f\u00fcr Diversit\u00e4tsforschung als Doktorandin weiter verbunden. &hellip; <a href=\"https:\/\/news.uni-goettingen.de\/diversitaetsforschung\/2023\/11\/14\/personeller-wechsel-zum-wintersemester-julia-giese-kommt-zurueck-lisa-bruenig-geht-nicht-ganz\/\">Weiterlesen<\/a><\/p>\n","protected":false},"author":16,"featured_media":0,"comment_status":"open","ping_status":"open","sticky":false,"template":"","format":"standard","meta":{"footnotes":""},"categories":[13],"tags":[],"_links":{"self":[{"href":"https:\/\/news.uni-goettingen.de\/diversitaetsforschung\/wp-json\/wp\/v2\/posts\/78"}],"collection":[{"href":"https:\/\/news.uni-goettingen.de\/diversitaetsforschung\/wp-json\/wp\/v2\/posts"}],"about":[{"href":"https:\/\/news.uni-goettingen.de\/diversitaetsforschung\/wp-json\/wp\/v2\/types\/post"}],"author":[{"embeddable":true,"href":"https:\/\/news.uni-goettingen.de\/diversitaetsforschung\/wp-json\/wp\/v2\/users\/16"}],"replies":[{"embeddable":true,"href":"https:\/\/news.uni-goettingen.de\/diversitaetsforschung\/wp-json\/wp\/v2\/comments?post=78"}],"version-history":[{"count":6,"href":"https:\/\/news.uni-goettingen.de\/diversitaetsforschung\/wp-json\/wp\/v2\/posts\/78\/revisions"}],"predecessor-version":[{"id":131,"href":"https:\/\/news.uni-goettingen.de\/diversitaetsforschung\/wp-json\/wp\/v2\/posts\/78\/revisions\/131"}],"wp:attachment":[{"href":"https:\/\/news.uni-goettingen.de\/diversitaetsforschung\/wp-json\/wp\/v2\/media?parent=78"}],"wp:term":[{"taxonomy":"category","embeddable":true,"href":"https:\/\/news.uni-goettingen.de\/diversitaetsforschung\/wp-json\/wp\/v2\/categories?post=78"},{"taxonomy":"post_tag","embeddable":true,"href":"https:\/\/news.uni-goettingen.de\/diversitaetsforschung\/wp-json\/wp\/v2\/tags?post=78"}],"curies":[{"name":"wp","href":"https:\/\/api.w.org\/{rel}","templated":true}]}}