{"id":61,"date":"2023-11-14T20:22:20","date_gmt":"2023-11-14T19:22:20","guid":{"rendered":"https:\/\/news.uni-goettingen.de\/diversitaetsforschung\/?p=61"},"modified":"2023-11-14T20:44:00","modified_gmt":"2023-11-14T19:44:00","slug":"andrea-d-buehrmann-als-gastprofessorin-nach-haifa-eingeladen","status":"publish","type":"post","link":"https:\/\/news.uni-goettingen.de\/diversitaetsforschung\/2023\/11\/14\/andrea-d-buehrmann-als-gastprofessorin-nach-haifa-eingeladen\/","title":{"rendered":"Andrea D. B\u00fchrmann als Gastprofessorin nach Haifa eingeladen"},"content":{"rendered":"\n<p>F\u00fcr Oktober\/November 2023 wurde Prof. Dr. Andrea D. B\u00fchrmann als Gastprofessorin an die Universit\u00e4t Haifa eingeladen. W\u00e4hrend ihrer Gastprofessur am dortigen Department of Anthropology waren neben einem Vortrag auf der internationalen Konferenz \u201eChallenges and Paradoxes of Diversity Management\u201c auch ein methodologischer Workshop zur Dispositivanalyse in der qualitativen Sozialforschung sowie informelle Treffen mit Wissenschaftler*innen in Haifa geplant. Aufgrund der aktuellen Lage in Israel wird der Besuch verschoben. <\/p>\n\n\n<a class=\"wp-block-read-more\" href=\"https:\/\/news.uni-goettingen.de\/diversitaetsforschung\/2023\/11\/14\/andrea-d-buehrmann-als-gastprofessorin-nach-haifa-eingeladen\/\" target=\"_self\">Weiterlesen<span class=\"screen-reader-text\">: Andrea D. B\u00fchrmann als Gastprofessorin nach Haifa eingeladen<\/span><\/a>\n\n\n<hr class=\"wp-block-separator has-alpha-channel-opacity\" \/>\n\n\n\n<h1 class=\"wp-block-heading\">Andrea D. B\u00fchrmann invited as visiting professor by the University of Haifa<\/h1>\n\n\n\n<p>For October\/November 2023, Andrea D. B\u00fchrmann has been invited to be a visiting professor at the University of Haifa. During her guest professorship at the Department of Anthropology, Andrea D. B\u00fchrmann planned to present at the international conference \u201eChallenges and Paradoxes of Diversity Management\u201c and give a methodological workshop on the implementation of the concept of &#8222;dispositif&#8220; in qualitative social research, alongside informal meetings with researchers. Due to the current situation in Israel, the visit has been postponed. <\/p>\n","protected":false},"excerpt":{"rendered":"<p>F\u00fcr Oktober\/November 2023 wurde Prof. Dr. Andrea D. B\u00fchrmann als Gastprofessorin an die Universit\u00e4t Haifa eingeladen. W\u00e4hrend ihrer Gastprofessur am dortigen Department of Anthropology waren neben einem Vortrag auf der internationalen Konferenz \u201eChallenges and Paradoxes of Diversity Management\u201c auch ein methodologischer Workshop zur Dispositivanalyse in der qualitativen Sozialforschung sowie informelle Treffen mit Wissenschaftler*innen in Haifa geplant. &hellip; <a href=\"https:\/\/news.uni-goettingen.de\/diversitaetsforschung\/2023\/11\/14\/andrea-d-buehrmann-als-gastprofessorin-nach-haifa-eingeladen\/\">Weiterlesen<\/a><\/p>\n","protected":false},"author":16,"featured_media":0,"comment_status":"open","ping_status":"open","sticky":false,"template":"","format":"standard","meta":{"footnotes":""},"categories":[13],"tags":[],"_links":{"self":[{"href":"https:\/\/news.uni-goettingen.de\/diversitaetsforschung\/wp-json\/wp\/v2\/posts\/61"}],"collection":[{"href":"https:\/\/news.uni-goettingen.de\/diversitaetsforschung\/wp-json\/wp\/v2\/posts"}],"about":[{"href":"https:\/\/news.uni-goettingen.de\/diversitaetsforschung\/wp-json\/wp\/v2\/types\/post"}],"author":[{"embeddable":true,"href":"https:\/\/news.uni-goettingen.de\/diversitaetsforschung\/wp-json\/wp\/v2\/users\/16"}],"replies":[{"embeddable":true,"href":"https:\/\/news.uni-goettingen.de\/diversitaetsforschung\/wp-json\/wp\/v2\/comments?post=61"}],"version-history":[{"count":6,"href":"https:\/\/news.uni-goettingen.de\/diversitaetsforschung\/wp-json\/wp\/v2\/posts\/61\/revisions"}],"predecessor-version":[{"id":141,"href":"https:\/\/news.uni-goettingen.de\/diversitaetsforschung\/wp-json\/wp\/v2\/posts\/61\/revisions\/141"}],"wp:attachment":[{"href":"https:\/\/news.uni-goettingen.de\/diversitaetsforschung\/wp-json\/wp\/v2\/media?parent=61"}],"wp:term":[{"taxonomy":"category","embeddable":true,"href":"https:\/\/news.uni-goettingen.de\/diversitaetsforschung\/wp-json\/wp\/v2\/categories?post=61"},{"taxonomy":"post_tag","embeddable":true,"href":"https:\/\/news.uni-goettingen.de\/diversitaetsforschung\/wp-json\/wp\/v2\/tags?post=61"}],"curies":[{"name":"wp","href":"https:\/\/api.w.org\/{rel}","templated":true}]}}