{"id":58,"date":"2023-11-14T20:24:45","date_gmt":"2023-11-14T19:24:45","guid":{"rendered":"https:\/\/news.uni-goettingen.de\/diversitaetsforschung\/?p=58"},"modified":"2023-11-15T09:28:04","modified_gmt":"2023-11-15T08:28:04","slug":"forschungsaufruf-nutzen-sie-zuhause-smarte-geraete","status":"publish","type":"post","link":"https:\/\/news.uni-goettingen.de\/diversitaetsforschung\/2023\/11\/14\/forschungsaufruf-nutzen-sie-zuhause-smarte-geraete\/","title":{"rendered":"Forschungsaufruf: Nutzen Sie zuhause &#8222;smarte&#8220; Ger\u00e4te?"},"content":{"rendered":"\n<p>F\u00fcr das internationale Forschungsprojekt &#8222;SMARTUP&#8220; werden Personen gesucht, die in ihrem Zuhause &#8222;smarte&#8220; Ger\u00e4te benutzen, also elektronische Ger\u00e4te, die sie \u00fcber das Internet steuern. Dazu geh\u00f6ren unter anderem Heizung, Licht, Energie, Alarmsystem, Kameras, Unterhaltung, Haushaltsger\u00e4te, Sprachassistenzsysteme. Wir f\u00fchren deutschlandweit Interviews mit den <em>Smart Home<\/em>-Bewohner*innen zu ihren Erfahrungen. Es gen\u00fcgt, wenn im Haushalt mindestens zwei smarte Ger\u00e4te genutzt werden (nach oben hin ist die Anzahl offen). <a href=\"https:\/\/uni-goettingen.de\/de\/document\/download\/9266b84483a0678af3b5f1909c611ae3.pdf\/Nutzen%20Sie%20zuhause%20smarte%20Ger%C3%A4te.pdf\">Den gesamten Aufruf finden Sie hier (PDF). <\/a>F\u00fcr Weiterleitungen in Ihre Netzwerke sind wir dankbar! <\/p>\n\n\n<a class=\"wp-block-read-more\" href=\"https:\/\/news.uni-goettingen.de\/diversitaetsforschung\/2023\/11\/14\/forschungsaufruf-nutzen-sie-zuhause-smarte-geraete\/\" target=\"_self\">Weiterlesen<span class=\"screen-reader-text\">: Forschungsaufruf: Nutzen Sie zuhause &#8222;smarte&#8220; Ger\u00e4te?<\/span><\/a>\n\n\n<hr class=\"wp-block-separator has-alpha-channel-opacity\" \/>\n\n\n\n<p>The international research project &#8222;SMARTUP&#8220; is calling for people who use &#8222;smart&#8220; devices in their home to participate in the research. <a href=\"https:\/\/uni-goettingen.de\/de\/document\/download\/9266b84483a0678af3b5f1909c611ae3.pdf\/Nutzen%20Sie%20zuhause%20smarte%20Ger%C3%A4te.pdf\">Find the call for participation here<\/a> (German, PDF). Please circulate this among your network! <\/p>\n","protected":false},"excerpt":{"rendered":"<p>F\u00fcr das internationale Forschungsprojekt &#8222;SMARTUP&#8220; werden Personen gesucht, die in ihrem Zuhause &#8222;smarte&#8220; Ger\u00e4te benutzen, also elektronische Ger\u00e4te, die sie \u00fcber das Internet steuern. Dazu geh\u00f6ren unter anderem Heizung, Licht, Energie, Alarmsystem, Kameras, Unterhaltung, Haushaltsger\u00e4te, Sprachassistenzsysteme. Wir f\u00fchren deutschlandweit Interviews mit den <em>Smart Home<\/em>-Bewohner*innen zu ihren Erfahrungen. Es gen\u00fcgt, wenn im Haushalt mindestens zwei smarte Ger\u00e4te genutzt werden (nach oben hin ist die Anzahl offen). &hellip; <a href=\"https:\/\/news.uni-goettingen.de\/diversitaetsforschung\/2023\/11\/14\/forschungsaufruf-nutzen-sie-zuhause-smarte-geraete\/\">Weiterlesen<\/a><\/p>\n","protected":false},"author":16,"featured_media":0,"comment_status":"open","ping_status":"open","sticky":false,"template":"","format":"standard","meta":{"footnotes":""},"categories":[17],"tags":[],"_links":{"self":[{"href":"https:\/\/news.uni-goettingen.de\/diversitaetsforschung\/wp-json\/wp\/v2\/posts\/58"}],"collection":[{"href":"https:\/\/news.uni-goettingen.de\/diversitaetsforschung\/wp-json\/wp\/v2\/posts"}],"about":[{"href":"https:\/\/news.uni-goettingen.de\/diversitaetsforschung\/wp-json\/wp\/v2\/types\/post"}],"author":[{"embeddable":true,"href":"https:\/\/news.uni-goettingen.de\/diversitaetsforschung\/wp-json\/wp\/v2\/users\/16"}],"replies":[{"embeddable":true,"href":"https:\/\/news.uni-goettingen.de\/diversitaetsforschung\/wp-json\/wp\/v2\/comments?post=58"}],"version-history":[{"count":4,"href":"https:\/\/news.uni-goettingen.de\/diversitaetsforschung\/wp-json\/wp\/v2\/posts\/58\/revisions"}],"predecessor-version":[{"id":153,"href":"https:\/\/news.uni-goettingen.de\/diversitaetsforschung\/wp-json\/wp\/v2\/posts\/58\/revisions\/153"}],"wp:attachment":[{"href":"https:\/\/news.uni-goettingen.de\/diversitaetsforschung\/wp-json\/wp\/v2\/media?parent=58"}],"wp:term":[{"taxonomy":"category","embeddable":true,"href":"https:\/\/news.uni-goettingen.de\/diversitaetsforschung\/wp-json\/wp\/v2\/categories?post=58"},{"taxonomy":"post_tag","embeddable":true,"href":"https:\/\/news.uni-goettingen.de\/diversitaetsforschung\/wp-json\/wp\/v2\/tags?post=58"}],"curies":[{"name":"wp","href":"https:\/\/api.w.org\/{rel}","templated":true}]}}