{"id":192,"date":"2024-01-10T10:28:23","date_gmt":"2024-01-10T09:28:23","guid":{"rendered":"https:\/\/news.uni-goettingen.de\/diversitaetsforschung\/?p=192"},"modified":"2024-01-10T10:28:23","modified_gmt":"2024-01-10T09:28:23","slug":"wir-gratulieren-daniel-schumann-zur-erfolgreichen-disputation","status":"publish","type":"post","link":"https:\/\/news.uni-goettingen.de\/diversitaetsforschung\/2024\/01\/10\/wir-gratulieren-daniel-schumann-zur-erfolgreichen-disputation\/","title":{"rendered":"Wir gratulieren Daniel Schumann zur erfolgreichen Disputation"},"content":{"rendered":"\n<p>Am 16. Oktober 2023 hat unser ehemaliger Mitarbeiter Daniel Schumann seine Dissertation mit dem Titel <a href=\"https:\/\/uni-goettingen.de\/de\/645834.html\">&#8222;Epistemologien der Integration. Zur Konstruktion und Bearbeitung von Differenz in Schulb\u00fcchern des Politikunterrichts&#8220;<\/a> an der Sozialwissenschaftlichen Fakult\u00e4t der Georg-August-Universit\u00e4t G\u00f6ttingen sehr erfolgreich verteidigt. Betreut wurde die Arbeit, die im Rahmen des Projekts &#8222;Schl\u00f6zer Programm Lehrerbildung&#8220; entstanden ist, von Prof. Dr. Andrea D. B\u00fchrmann, Prof. Dr. Kerstin Rabenstein und Prof. Dr. Ulrich Br\u00f6ckling. Wir gratulieren herzlich! <\/p>\n\n\n<a class=\"wp-block-read-more\" href=\"https:\/\/news.uni-goettingen.de\/diversitaetsforschung\/2024\/01\/10\/wir-gratulieren-daniel-schumann-zur-erfolgreichen-disputation\/\" target=\"_self\">Weiterlesen<span class=\"screen-reader-text\">: Wir gratulieren Daniel Schumann zur erfolgreichen Disputation<\/span><\/a>\n\n\n<h2 class=\"wp-block-heading\">We congratulate Daniel Schumann on his successful thesis defence<\/h2>\n\n\n\n<p>On 16 October 2023, our former colleague Daniel Schumann successfully defended his doctoral thesis entitled <a href=\"https:\/\/uni-goettingen.de\/en\/645834.html\">&#8222;Epistemologies of Integration. On Constructing and Managing Difference in Civic Education Textbooks&#8220;<\/a> at the Faculty of Social Sciences at the University of G\u00f6ttingen. The thesis, which was written as part of the &#8222;Schl\u00f6zer Programm Lehrerbildung&#8220; project, was supervised by Professor Andrea D. B\u00fchrmann, Professor Kerstin Rabenstein and Professor Ulrich Br\u00f6ckling. Congratulations!<\/p>\n","protected":false},"excerpt":{"rendered":"<p>Am 16. Oktober 2023 hat unser ehemaliger Mitarbeiter Daniel Schumann seine Dissertation mit dem Titel <a href=\"https:\/\/uni-goettingen.de\/de\/645834.html\">&#8222;Epistemologien der Integration. Zur Konstruktion und Bearbeitung von Differenz in Schulb\u00fcchern des Politikunterrichts&#8220;<\/a> an der Sozialwissenschaftlichen Fakult\u00e4t der Georg-August-Universit\u00e4t G\u00f6ttingen sehr erfolgreich verteidigt. Betreut wurde die Arbeit, die im Rahmen des Projekts &#8222;Schl\u00f6zer Programm Lehrerbildung&#8220; entstanden ist, von Prof. &hellip; <a href=\"https:\/\/news.uni-goettingen.de\/diversitaetsforschung\/2024\/01\/10\/wir-gratulieren-daniel-schumann-zur-erfolgreichen-disputation\/\">Weiterlesen<\/a><\/p>\n","protected":false},"author":16,"featured_media":0,"comment_status":"open","ping_status":"open","sticky":false,"template":"","format":"standard","meta":{"footnotes":""},"categories":[25],"tags":[],"_links":{"self":[{"href":"https:\/\/news.uni-goettingen.de\/diversitaetsforschung\/wp-json\/wp\/v2\/posts\/192"}],"collection":[{"href":"https:\/\/news.uni-goettingen.de\/diversitaetsforschung\/wp-json\/wp\/v2\/posts"}],"about":[{"href":"https:\/\/news.uni-goettingen.de\/diversitaetsforschung\/wp-json\/wp\/v2\/types\/post"}],"author":[{"embeddable":true,"href":"https:\/\/news.uni-goettingen.de\/diversitaetsforschung\/wp-json\/wp\/v2\/users\/16"}],"replies":[{"embeddable":true,"href":"https:\/\/news.uni-goettingen.de\/diversitaetsforschung\/wp-json\/wp\/v2\/comments?post=192"}],"version-history":[{"count":2,"href":"https:\/\/news.uni-goettingen.de\/diversitaetsforschung\/wp-json\/wp\/v2\/posts\/192\/revisions"}],"predecessor-version":[{"id":196,"href":"https:\/\/news.uni-goettingen.de\/diversitaetsforschung\/wp-json\/wp\/v2\/posts\/192\/revisions\/196"}],"wp:attachment":[{"href":"https:\/\/news.uni-goettingen.de\/diversitaetsforschung\/wp-json\/wp\/v2\/media?parent=192"}],"wp:term":[{"taxonomy":"category","embeddable":true,"href":"https:\/\/news.uni-goettingen.de\/diversitaetsforschung\/wp-json\/wp\/v2\/categories?post=192"},{"taxonomy":"post_tag","embeddable":true,"href":"https:\/\/news.uni-goettingen.de\/diversitaetsforschung\/wp-json\/wp\/v2\/tags?post=192"}],"curies":[{"name":"wp","href":"https:\/\/api.w.org\/{rel}","templated":true}]}}